{"id":93428,"date":"2024-04-08T13:00:00","date_gmt":"2024-04-08T11:00:00","guid":{"rendered":"https:\/\/www.manquepierda.com\/historiarealbetis\/?p=93428"},"modified":"2025-08-19T12:25:21","modified_gmt":"2025-08-19T10:25:21","slug":"hoy-hace-90-anos-barcelona-1-betis-2-en-copa","status":"publish","type":"post","link":"https:\/\/www.manquepierda.com\/historiarealbetis\/hoy-hace-90-anos-barcelona-1-betis-2-en-copa\/","title":{"rendered":"Hoy hace 90 a\u00f1os. Barcelona 1 Betis 2 en Copa."},"content":{"rendered":"<div class=\"wp-block-image\">\n<figure class=\"aligncenter size-full\"><img data-recalc-dims=\"1\" loading=\"lazy\" decoding=\"async\" width=\"648\" height=\"393\" src=\"https:\/\/i0.wp.com\/www.manquepierda.com\/historiarealbetis\/files\/2024\/04\/8-1934-Barcelona-1-Betis-2-en-Copa.jpg?resize=648%2C393&#038;ssl=1\" alt=\"\" class=\"wp-image-93429\" srcset=\"https:\/\/i0.wp.com\/www.manquepierda.com\/historiarealbetis\/files\/2024\/04\/8-1934-Barcelona-1-Betis-2-en-Copa.jpg?w=648&amp;ssl=1 648w, https:\/\/i0.wp.com\/www.manquepierda.com\/historiarealbetis\/files\/2024\/04\/8-1934-Barcelona-1-Betis-2-en-Copa.jpg?resize=220%2C133&amp;ssl=1 220w\" sizes=\"auto, (max-width: 648px) 100vw, 648px\" \/><\/figure>\n<\/div>\n\n<p>\u00a0<\/p>\n<p><span style=\"color: #008000\">El 8 de abril de 1934 en Las Corts el Betis se impone 1-2 al Barcelona en el partido de ida de los cuartos de final de Copa.<\/span><\/p>\n<p><span style=\"color: #008000\">En el minuto 12 Unamuno adelant\u00f3 al Betis, tras burlar a Alcoriza y Nogu\u00e9s. Muy pronto, en el 14, empataron los azulgranas, la rematar de cabeza Ram\u00f3n un rechace de Urquiaga a disparo de Cabanes. Pero en el 16 Unamuno hizo el 1-2, aprovechando un centro de Lecue y que Enrique remat\u00f3, quedando el bal\u00f3n muerto tras despejar un defensa.<\/span><\/p>\n<p><span style=\"color: #008000\">En este partido debut\u00f3 en partido oficial con el Betis Pepe Valera con s\u00f3lo 17 a\u00f1os.<\/span><\/p>\n<p><span style=\"color: #008000\">El Barcelona, entrenado por Jos\u00e9 Zabalo, aline\u00f3 a Nogu\u00e9s; Zabalo, Alcoriza; Santos, Salas, Pedrol; Vantolr\u00e1, Goiburu, Morera, Ram\u00f3n y Cabanes.<\/span><\/p>\n<p><span style=\"color: #008000\">El Betis, dirigido por Patrick O\u00b4Connell, form\u00f3 con Urquiaga; Areso, Aedo; Peral, Soladrero, Adolfito; Saro, Enrique, Unamuno, Lecue y Valera.<\/span><\/p>","protected":false},"excerpt":{"rendered":"<p>\u00a0 El 8 de abril de 1934 en Las Corts el Betis se impone 1-2 al Barcelona en el partido de ida de los cuartos de final de Copa. En el minuto 12 Unamuno adelant\u00f3 al Betis, tras burlar a Alcoriza y Nogu\u00e9s. Muy pronto, en el 14, empataron los azulgranas, la rematar de cabeza&#8230;<\/p>\n","protected":false},"author":5,"featured_media":93429,"comment_status":"open","ping_status":"open","sticky":false,"template":"","format":"standard","meta":{"_kad_post_transparent":"","_kad_post_title":"","_kad_post_layout":"","_kad_post_sidebar_id":"","_kad_post_content_style":"","_kad_post_vertical_padding":"","_kad_post_feature":"","_kad_post_feature_position":"","_kad_post_header":false,"_kad_post_footer":false,"_kad_post_classname":"","_jetpack_memberships_contains_paid_content":false,"footnotes":"","jetpack_publicize_message":"","jetpack_publicize_feature_enabled":true,"jetpack_social_post_already_shared":true,"jetpack_social_options":{"image_generator_settings":{"template":"highway","default_image_id":0,"font":"","enabled":false},"version":2}},"categories":[899,14583,1],"tags":[1536,17878,1154,2020],"class_list":["post-93428","post","type-post","status-publish","format-standard","has-post-thumbnail","hentry","category-1930-1939","category-efemerides","category-portada","tag-1536","tag-copa-1933-34","tag-fc-barcelona","tag-pepe-valera"],"jetpack_publicize_connections":[],"jetpack_featured_media_url":"https:\/\/i0.wp.com\/www.manquepierda.com\/historiarealbetis\/files\/2024\/04\/8-1934-Barcelona-1-Betis-2-en-Copa.jpg?fit=648%2C393&ssl=1","jetpack_sharing_enabled":true,"jetpack_shortlink":"https:\/\/wp.me\/p1ij08-oiU","jetpack-related-posts":[],"_links":{"self":[{"href":"https:\/\/www.manquepierda.com\/historiarealbetis\/wp-json\/wp\/v2\/posts\/93428","targetHints":{"allow":["GET"]}}],"collection":[{"href":"https:\/\/www.manquepierda.com\/historiarealbetis\/wp-json\/wp\/v2\/posts"}],"about":[{"href":"https:\/\/www.manquepierda.com\/historiarealbetis\/wp-json\/wp\/v2\/types\/post"}],"author":[{"embeddable":true,"href":"https:\/\/www.manquepierda.com\/historiarealbetis\/wp-json\/wp\/v2\/users\/5"}],"replies":[{"embeddable":true,"href":"https:\/\/www.manquepierda.com\/historiarealbetis\/wp-json\/wp\/v2\/comments?post=93428"}],"version-history":[{"count":2,"href":"https:\/\/www.manquepierda.com\/historiarealbetis\/wp-json\/wp\/v2\/posts\/93428\/revisions"}],"predecessor-version":[{"id":93432,"href":"https:\/\/www.manquepierda.com\/historiarealbetis\/wp-json\/wp\/v2\/posts\/93428\/revisions\/93432"}],"wp:featuredmedia":[{"embeddable":true,"href":"https:\/\/www.manquepierda.com\/historiarealbetis\/wp-json\/wp\/v2\/media\/93429"}],"wp:attachment":[{"href":"https:\/\/www.manquepierda.com\/historiarealbetis\/wp-json\/wp\/v2\/media?parent=93428"}],"wp:term":[{"taxonomy":"category","embeddable":true,"href":"https:\/\/www.manquepierda.com\/historiarealbetis\/wp-json\/wp\/v2\/categories?post=93428"},{"taxonomy":"post_tag","embeddable":true,"href":"https:\/\/www.manquepierda.com\/historiarealbetis\/wp-json\/wp\/v2\/tags?post=93428"}],"curies":[{"name":"wp","href":"https:\/\/api.w.org\/{rel}","templated":true}]}}