{"id":93488,"date":"2024-04-17T13:00:00","date_gmt":"2024-04-17T11:00:00","guid":{"rendered":"https:\/\/www.manquepierda.com\/historiarealbetis\/?p=93488"},"modified":"2024-04-07T12:36:36","modified_gmt":"2024-04-07T10:36:36","slug":"hoy-hace-85-anos-nace-jose-miguel-martinez","status":"publish","type":"post","link":"https:\/\/www.manquepierda.com\/historiarealbetis\/hoy-hace-85-anos-nace-jose-miguel-martinez\/","title":{"rendered":"Hoy hace 85 a\u00f1os. Nace Jos\u00e9 Miguel Mart\u00ednez."},"content":{"rendered":"<div class=\"wp-block-image\">\n<figure class=\"aligncenter size-full\"><img data-recalc-dims=\"1\" loading=\"lazy\" decoding=\"async\" width=\"507\" height=\"636\" src=\"https:\/\/i0.wp.com\/www.manquepierda.com\/historiarealbetis\/files\/2024\/04\/17-1939-Nace-Jose-Miguel-Martinez-1.jpg?resize=507%2C636&#038;ssl=1\" alt=\"\" class=\"wp-image-93490\" srcset=\"https:\/\/i0.wp.com\/www.manquepierda.com\/historiarealbetis\/files\/2024\/04\/17-1939-Nace-Jose-Miguel-Martinez-1.jpg?w=507&amp;ssl=1 507w, https:\/\/i0.wp.com\/www.manquepierda.com\/historiarealbetis\/files\/2024\/04\/17-1939-Nace-Jose-Miguel-Martinez-1.jpg?resize=478%2C600&amp;ssl=1 478w, https:\/\/i0.wp.com\/www.manquepierda.com\/historiarealbetis\/files\/2024\/04\/17-1939-Nace-Jose-Miguel-Martinez-1.jpg?resize=175%2C220&amp;ssl=1 175w\" sizes=\"auto, (max-width: 507px) 100vw, 507px\" \/><\/figure>\n<\/div>\n\n<p>\u00a0<\/p>\n<p><span style=\"color: #008000\">El 17 de abril de 1939 nace en Barcelona Jos\u00e9 Miguel Mart\u00ednez Febrer, quien fuera jugador del Real Betis Balompi\u00e9 entre 1962 y 1964.<\/span><\/p>\n<p><span style=\"color: #008000\">Centrocampista que lleg\u00f3 desde el San Fernando, y que rindi\u00f3 a gran altura, jugando 39 partidos oficiales y marcando 2 goles. En abril de 1964 fue traspasado al Atl\u00e9tico de Madrid.\u00a0<\/span><\/p>","protected":false},"excerpt":{"rendered":"<p>\u00a0 El 17 de abril de 1939 nace en Barcelona Jos\u00e9 Miguel Mart\u00ednez Febrer, quien fuera jugador del Real Betis Balompi\u00e9 entre 1962 y 1964. Centrocampista que lleg\u00f3 desde el San Fernando, y que rindi\u00f3 a gran altura, jugando 39 partidos oficiales y marcando 2 goles. En abril de 1964 fue traspasado al Atl\u00e9tico de&#8230;<\/p>\n","protected":false},"author":5,"featured_media":93490,"comment_status":"open","ping_status":"open","sticky":false,"template":"","format":"standard","meta":{"_kad_post_transparent":"","_kad_post_title":"","_kad_post_layout":"","_kad_post_sidebar_id":"","_kad_post_content_style":"","_kad_post_vertical_padding":"","_kad_post_feature":"","_kad_post_feature_position":"","_kad_post_header":false,"_kad_post_footer":false,"_kad_post_classname":"","_jetpack_memberships_contains_paid_content":false,"footnotes":"","jetpack_publicize_message":"","jetpack_publicize_feature_enabled":true,"jetpack_social_post_already_shared":true,"jetpack_social_options":{"image_generator_settings":{"template":"highway","default_image_id":0,"font":"","enabled":false},"version":2}},"categories":[899,14583,1],"tags":[4118],"class_list":["post-93488","post","type-post","status-publish","format-standard","has-post-thumbnail","hentry","category-1930-1939","category-efemerides","category-portada","tag-jose-miguel-martinez"],"jetpack_publicize_connections":[],"jetpack_featured_media_url":"https:\/\/i0.wp.com\/www.manquepierda.com\/historiarealbetis\/files\/2024\/04\/17-1939-Nace-Jose-Miguel-Martinez-1.jpg?fit=507%2C636&ssl=1","jetpack_sharing_enabled":true,"jetpack_shortlink":"https:\/\/wp.me\/p1ij08-ojS","jetpack-related-posts":[],"_links":{"self":[{"href":"https:\/\/www.manquepierda.com\/historiarealbetis\/wp-json\/wp\/v2\/posts\/93488","targetHints":{"allow":["GET"]}}],"collection":[{"href":"https:\/\/www.manquepierda.com\/historiarealbetis\/wp-json\/wp\/v2\/posts"}],"about":[{"href":"https:\/\/www.manquepierda.com\/historiarealbetis\/wp-json\/wp\/v2\/types\/post"}],"author":[{"embeddable":true,"href":"https:\/\/www.manquepierda.com\/historiarealbetis\/wp-json\/wp\/v2\/users\/5"}],"replies":[{"embeddable":true,"href":"https:\/\/www.manquepierda.com\/historiarealbetis\/wp-json\/wp\/v2\/comments?post=93488"}],"version-history":[{"count":1,"href":"https:\/\/www.manquepierda.com\/historiarealbetis\/wp-json\/wp\/v2\/posts\/93488\/revisions"}],"predecessor-version":[{"id":93491,"href":"https:\/\/www.manquepierda.com\/historiarealbetis\/wp-json\/wp\/v2\/posts\/93488\/revisions\/93491"}],"wp:featuredmedia":[{"embeddable":true,"href":"https:\/\/www.manquepierda.com\/historiarealbetis\/wp-json\/wp\/v2\/media\/93490"}],"wp:attachment":[{"href":"https:\/\/www.manquepierda.com\/historiarealbetis\/wp-json\/wp\/v2\/media?parent=93488"}],"wp:term":[{"taxonomy":"category","embeddable":true,"href":"https:\/\/www.manquepierda.com\/historiarealbetis\/wp-json\/wp\/v2\/categories?post=93488"},{"taxonomy":"post_tag","embeddable":true,"href":"https:\/\/www.manquepierda.com\/historiarealbetis\/wp-json\/wp\/v2\/tags?post=93488"}],"curies":[{"name":"wp","href":"https:\/\/api.w.org\/{rel}","templated":true}]}}