{"id":93512,"date":"2024-04-21T13:00:00","date_gmt":"2024-04-21T11:00:00","guid":{"rendered":"https:\/\/www.manquepierda.com\/historiarealbetis\/?p=93512"},"modified":"2024-08-14T11:41:05","modified_gmt":"2024-08-14T09:41:05","slug":"hoy-hace-95-anos-alaves-1-betis-1","status":"publish","type":"post","link":"https:\/\/www.manquepierda.com\/historiarealbetis\/hoy-hace-95-anos-alaves-1-betis-1\/","title":{"rendered":"Hoy hace 95 a\u00f1os. Alav\u00e9s 1 Betis 1."},"content":{"rendered":"<div class=\"wp-block-image\">\n<figure class=\"aligncenter size-full\"><img data-recalc-dims=\"1\" loading=\"lazy\" decoding=\"async\" width=\"746\" height=\"135\" src=\"https:\/\/i0.wp.com\/www.manquepierda.com\/historiarealbetis\/files\/2024\/04\/21-Alaves-1-Betis-1.jpg?resize=746%2C135&#038;ssl=1\" alt=\"\" class=\"wp-image-93513\" srcset=\"https:\/\/i0.wp.com\/www.manquepierda.com\/historiarealbetis\/files\/2024\/04\/21-Alaves-1-Betis-1.jpg?w=746&amp;ssl=1 746w, https:\/\/i0.wp.com\/www.manquepierda.com\/historiarealbetis\/files\/2024\/04\/21-Alaves-1-Betis-1.jpg?resize=680%2C123&amp;ssl=1 680w, https:\/\/i0.wp.com\/www.manquepierda.com\/historiarealbetis\/files\/2024\/04\/21-Alaves-1-Betis-1.jpg?resize=220%2C40&amp;ssl=1 220w\" sizes=\"auto, (max-width: 746px) 100vw, 746px\" \/><\/figure>\n<\/div>\n\n<p>\u00a0<\/p>\n<p><span style=\"color: #008000\">El 21 de abril de 1929 en Mendizorroza Alav\u00e9s y Betis empatan a 1 en partido de la jornada 8 del Campeonato de Liga de Segunda Divisi\u00f3n.<\/span><\/p>\n<p><span style=\"color: #008000\">En el 55 se adelantaron los locales, con un remate de Olivares a pase de Alb\u00e9niz. El Betis empat\u00f3 en el 67, tras una escapada de Manol\u00edn que culmin\u00f3 con un tiro cruzado.<\/span><\/p>\n<p><span style=\"color: #008000\">El Alav\u00e9s, entrenado por Ram\u00f3n Adarraga, aline\u00f3 a Beristain; Ciriaco, Quincoces; Urquiri, Antero, Santamar\u00eda; Modesto, Crespo, Olivares, Alb\u00e9niz e Ibarrar\u00e1n.<\/span><\/p>\n<p><span style=\"color: #008000\">El Betis, dirigido por Juan Armet \u201cKink\u00e9\u201d, form\u00f3 con Jes\u00fas; Jesus\u00edn, Jim\u00e9nez; Soler, Morales, Adolfito; \u00c1lvarez, Aranda, Le\u00f3n, Enrique y Manol\u00edn.\u00a0<\/span><\/p>","protected":false},"excerpt":{"rendered":"<p>\u00a0 El 21 de abril de 1929 en Mendizorroza Alav\u00e9s y Betis empatan a 1 en partido de la jornada 8 del Campeonato de Liga de Segunda Divisi\u00f3n. En el 55 se adelantaron los locales, con un remate de Olivares a pase de Alb\u00e9niz. El Betis empat\u00f3 en el 67, tras una escapada de Manol\u00edn&#8230;<\/p>\n","protected":false},"author":5,"featured_media":93513,"comment_status":"open","ping_status":"open","sticky":false,"template":"","format":"standard","meta":{"_kad_post_transparent":"","_kad_post_title":"","_kad_post_layout":"","_kad_post_sidebar_id":"","_kad_post_content_style":"","_kad_post_vertical_padding":"","_kad_post_feature":"","_kad_post_feature_position":"","_kad_post_header":false,"_kad_post_footer":false,"_kad_post_classname":"","_jetpack_memberships_contains_paid_content":false,"footnotes":"","jetpack_publicize_message":"","jetpack_publicize_feature_enabled":true,"jetpack_social_post_already_shared":true,"jetpack_social_options":{"image_generator_settings":{"template":"highway","default_image_id":0,"font":"","enabled":false},"version":2}},"categories":[898,14583,1],"tags":[1576,984,17944],"class_list":["post-93512","post","type-post","status-publish","format-standard","has-post-thumbnail","hentry","category-1920-1929","category-efemerides","category-portada","tag-1576","tag-deportivo-alaves","tag-liga-segunda-1928-29"],"jetpack_publicize_connections":[],"jetpack_featured_media_url":"https:\/\/i0.wp.com\/www.manquepierda.com\/historiarealbetis\/files\/2024\/04\/21-Alaves-1-Betis-1.jpg?fit=746%2C135&ssl=1","jetpack_sharing_enabled":true,"jetpack_shortlink":"https:\/\/wp.me\/p1ij08-okg","jetpack-related-posts":[],"_links":{"self":[{"href":"https:\/\/www.manquepierda.com\/historiarealbetis\/wp-json\/wp\/v2\/posts\/93512","targetHints":{"allow":["GET"]}}],"collection":[{"href":"https:\/\/www.manquepierda.com\/historiarealbetis\/wp-json\/wp\/v2\/posts"}],"about":[{"href":"https:\/\/www.manquepierda.com\/historiarealbetis\/wp-json\/wp\/v2\/types\/post"}],"author":[{"embeddable":true,"href":"https:\/\/www.manquepierda.com\/historiarealbetis\/wp-json\/wp\/v2\/users\/5"}],"replies":[{"embeddable":true,"href":"https:\/\/www.manquepierda.com\/historiarealbetis\/wp-json\/wp\/v2\/comments?post=93512"}],"version-history":[{"count":1,"href":"https:\/\/www.manquepierda.com\/historiarealbetis\/wp-json\/wp\/v2\/posts\/93512\/revisions"}],"predecessor-version":[{"id":93514,"href":"https:\/\/www.manquepierda.com\/historiarealbetis\/wp-json\/wp\/v2\/posts\/93512\/revisions\/93514"}],"wp:featuredmedia":[{"embeddable":true,"href":"https:\/\/www.manquepierda.com\/historiarealbetis\/wp-json\/wp\/v2\/media\/93513"}],"wp:attachment":[{"href":"https:\/\/www.manquepierda.com\/historiarealbetis\/wp-json\/wp\/v2\/media?parent=93512"}],"wp:term":[{"taxonomy":"category","embeddable":true,"href":"https:\/\/www.manquepierda.com\/historiarealbetis\/wp-json\/wp\/v2\/categories?post=93512"},{"taxonomy":"post_tag","embeddable":true,"href":"https:\/\/www.manquepierda.com\/historiarealbetis\/wp-json\/wp\/v2\/tags?post=93512"}],"curies":[{"name":"wp","href":"https:\/\/api.w.org\/{rel}","templated":true}]}}