{"id":93530,"date":"2024-04-28T13:00:00","date_gmt":"2024-04-28T11:00:00","guid":{"rendered":"https:\/\/www.manquepierda.com\/historiarealbetis\/?p=93530"},"modified":"2024-08-20T08:59:23","modified_gmt":"2024-08-20T06:59:23","slug":"hoy-hace-17-anos-atletico-de-madrid-0-betis-0","status":"publish","type":"post","link":"https:\/\/www.manquepierda.com\/historiarealbetis\/hoy-hace-17-anos-atletico-de-madrid-0-betis-0\/","title":{"rendered":"Hoy hace 17 a\u00f1os. Atl\u00e9tico de Madrid 0 Betis 0."},"content":{"rendered":"<div class=\"wp-block-image\">\n<figure class=\"aligncenter size-full\"><img data-recalc-dims=\"1\" loading=\"lazy\" decoding=\"async\" width=\"734\" height=\"522\" src=\"https:\/\/i0.wp.com\/www.manquepierda.com\/historiarealbetis\/files\/2024\/04\/28-2007-Atl.-Madrid-0-Betis-0.jpg?resize=734%2C522&#038;ssl=1\" alt=\"\" class=\"wp-image-93531\" srcset=\"https:\/\/i0.wp.com\/www.manquepierda.com\/historiarealbetis\/files\/2024\/04\/28-2007-Atl.-Madrid-0-Betis-0.jpg?w=734&amp;ssl=1 734w, https:\/\/i0.wp.com\/www.manquepierda.com\/historiarealbetis\/files\/2024\/04\/28-2007-Atl.-Madrid-0-Betis-0.jpg?resize=680%2C484&amp;ssl=1 680w, https:\/\/i0.wp.com\/www.manquepierda.com\/historiarealbetis\/files\/2024\/04\/28-2007-Atl.-Madrid-0-Betis-0.jpg?resize=220%2C156&amp;ssl=1 220w\" sizes=\"auto, (max-width: 734px) 100vw, 734px\" \/><\/figure>\n<\/div>\n\n<p>\u00a0<\/p>\n<p><span style=\"color: #008000\">El 28 de abril de 2007 en el Calder\u00f3n Atl\u00e9tico de Madrid y Betis empatan a 0 en partido de la jornada 32 del Campeonato de Liga de Primera Divisi\u00f3n.<\/span><\/p>\n<p><span style=\"color: #008000\">El Atl\u00e9tico, entrenado por Javier Aguirre, jug\u00f3 con Leo Franco (46, Pichu); Seitaridis, Pablo, Z\u00e9 Castro, Pern\u00eda (55, Petrov); Galletti, Costinha, Jurado, Antonio L\u00f3pez; Fernando Torres (63, Rufino) y Ag\u00fcero.<\/span><\/p>\n<p><span style=\"color: #008000\">El Betis, dirigido por Luis Fern\u00e1ndez, aline\u00f3 a Doblas; Miguel \u00c1ngel, Melli, Juanito, Nano, Isidoro; Capi, Assun\u00e7ao, Rivera (68, Sobis); Fernando (80, Odonkor) y Robert (63, Vogel).\u00a0<\/span><\/p>","protected":false},"excerpt":{"rendered":"<p>\u00a0 El 28 de abril de 2007 en el Calder\u00f3n Atl\u00e9tico de Madrid y Betis empatan a 0 en partido de la jornada 32 del Campeonato de Liga de Primera Divisi\u00f3n. El Atl\u00e9tico, entrenado por Javier Aguirre, jug\u00f3 con Leo Franco (46, Pichu); Seitaridis, Pablo, Z\u00e9 Castro, Pern\u00eda (55, Petrov); Galletti, Costinha, Jurado, Antonio L\u00f3pez;&#8230;<\/p>\n","protected":false},"author":5,"featured_media":93531,"comment_status":"open","ping_status":"open","sticky":false,"template":"","format":"standard","meta":{"_kad_post_transparent":"","_kad_post_title":"","_kad_post_layout":"","_kad_post_sidebar_id":"","_kad_post_content_style":"","_kad_post_vertical_padding":"","_kad_post_feature":"","_kad_post_feature_position":"","_kad_post_header":false,"_kad_post_footer":false,"_kad_post_classname":"","_jetpack_memberships_contains_paid_content":false,"footnotes":"","jetpack_publicize_message":"","jetpack_publicize_feature_enabled":true,"jetpack_social_post_already_shared":true,"jetpack_social_options":{"image_generator_settings":{"template":"highway","default_image_id":0,"font":"","enabled":false},"version":2}},"categories":[4823,14583,1],"tags":[8674,13849,17931],"class_list":["post-93530","post","type-post","status-publish","format-standard","has-post-thumbnail","hentry","category-2000-2009","category-efemerides","category-portada","tag-8674","tag-club-atletico-de-madrid","tag-liga-primera-2006-07"],"jetpack_publicize_connections":[],"jetpack_featured_media_url":"https:\/\/i0.wp.com\/www.manquepierda.com\/historiarealbetis\/files\/2024\/04\/28-2007-Atl.-Madrid-0-Betis-0.jpg?fit=734%2C522&ssl=1","jetpack_sharing_enabled":true,"jetpack_shortlink":"https:\/\/wp.me\/p1ij08-oky","jetpack-related-posts":[],"_links":{"self":[{"href":"https:\/\/www.manquepierda.com\/historiarealbetis\/wp-json\/wp\/v2\/posts\/93530","targetHints":{"allow":["GET"]}}],"collection":[{"href":"https:\/\/www.manquepierda.com\/historiarealbetis\/wp-json\/wp\/v2\/posts"}],"about":[{"href":"https:\/\/www.manquepierda.com\/historiarealbetis\/wp-json\/wp\/v2\/types\/post"}],"author":[{"embeddable":true,"href":"https:\/\/www.manquepierda.com\/historiarealbetis\/wp-json\/wp\/v2\/users\/5"}],"replies":[{"embeddable":true,"href":"https:\/\/www.manquepierda.com\/historiarealbetis\/wp-json\/wp\/v2\/comments?post=93530"}],"version-history":[{"count":1,"href":"https:\/\/www.manquepierda.com\/historiarealbetis\/wp-json\/wp\/v2\/posts\/93530\/revisions"}],"predecessor-version":[{"id":93532,"href":"https:\/\/www.manquepierda.com\/historiarealbetis\/wp-json\/wp\/v2\/posts\/93530\/revisions\/93532"}],"wp:featuredmedia":[{"embeddable":true,"href":"https:\/\/www.manquepierda.com\/historiarealbetis\/wp-json\/wp\/v2\/media\/93531"}],"wp:attachment":[{"href":"https:\/\/www.manquepierda.com\/historiarealbetis\/wp-json\/wp\/v2\/media?parent=93530"}],"wp:term":[{"taxonomy":"category","embeddable":true,"href":"https:\/\/www.manquepierda.com\/historiarealbetis\/wp-json\/wp\/v2\/categories?post=93530"},{"taxonomy":"post_tag","embeddable":true,"href":"https:\/\/www.manquepierda.com\/historiarealbetis\/wp-json\/wp\/v2\/tags?post=93530"}],"curies":[{"name":"wp","href":"https:\/\/api.w.org\/{rel}","templated":true}]}}