{"id":93607,"date":"2024-04-22T13:00:00","date_gmt":"2024-04-22T11:00:00","guid":{"rendered":"https:\/\/www.manquepierda.com\/historiarealbetis\/?p=93607"},"modified":"2024-08-11T18:13:05","modified_gmt":"2024-08-11T16:13:05","slug":"hoy-hace-45-anos-debuts-de-leon-lasa-y-juan-pozo","status":"publish","type":"post","link":"https:\/\/www.manquepierda.com\/historiarealbetis\/hoy-hace-45-anos-debuts-de-leon-lasa-y-juan-pozo\/","title":{"rendered":"Hoy hace 45 a\u00f1os. Debuts de Le\u00f3n Lasa y Juan Pozo."},"content":{"rendered":"<div class=\"wp-block-image\">\n<figure class=\"aligncenter size-full\"><img data-recalc-dims=\"1\" loading=\"lazy\" decoding=\"async\" width=\"671\" height=\"452\" src=\"https:\/\/i0.wp.com\/www.manquepierda.com\/historiarealbetis\/files\/2024\/04\/22-Debuts-de-Leon-Lasa-y-Juan-Pozo.jpg?resize=671%2C452&#038;ssl=1\" alt=\"\" class=\"wp-image-93608\" srcset=\"https:\/\/i0.wp.com\/www.manquepierda.com\/historiarealbetis\/files\/2024\/04\/22-Debuts-de-Leon-Lasa-y-Juan-Pozo.jpg?w=671&amp;ssl=1 671w, https:\/\/i0.wp.com\/www.manquepierda.com\/historiarealbetis\/files\/2024\/04\/22-Debuts-de-Leon-Lasa-y-Juan-Pozo.jpg?resize=220%2C148&amp;ssl=1 220w\" sizes=\"auto, (max-width: 671px) 100vw, 671px\" \/><\/figure>\n<\/div>\n\n<p>\u00a0<\/p>\n<p><span style=\"color: #008000\">El 22 de abril de 1979 en El Sadar debutan como t\u00e9cnico y jugador del Real Betis Balompi\u00e9 respectivamente Le\u00f3n Lasa y Juan Pozo.<\/span><\/p>\n<p><span style=\"color: #008000\">Le\u00f3n Lasa, con 46 a\u00f1os, hab\u00eda sido jugador b\u00e9tico entre 1956 y 1966, para iniciar desde entonces una carrera por los banquillos de numerosos clubs en Tercera y Segunda Divisi\u00f3n. Era su primer contacto como t\u00e9cnico de la entidad b\u00e9tica.<\/span><\/p>\n<p><span style=\"color: #008000\">Juan Pozo, con 24 a\u00f1os, debut\u00f3 en este partido en Liga con el Betis, cuando sustituy\u00f3 en el minuto 65 a Anzarda. Tras varias campa\u00f1as en el filial b\u00e9tico hab\u00eda pasado por cesiones en Almer\u00eda y Linares.<\/span><\/p>","protected":false},"excerpt":{"rendered":"<p>\u00a0 El 22 de abril de 1979 en El Sadar debutan como t\u00e9cnico y jugador del Real Betis Balompi\u00e9 respectivamente Le\u00f3n Lasa y Juan Pozo. Le\u00f3n Lasa, con 46 a\u00f1os, hab\u00eda sido jugador b\u00e9tico entre 1956 y 1966, para iniciar desde entonces una carrera por los banquillos de numerosos clubs en Tercera y Segunda Divisi\u00f3n&#8230;.<\/p>\n","protected":false},"author":5,"featured_media":93608,"comment_status":"open","ping_status":"open","sticky":false,"template":"","format":"standard","meta":{"_kad_post_transparent":"","_kad_post_title":"","_kad_post_layout":"","_kad_post_sidebar_id":"","_kad_post_content_style":"","_kad_post_vertical_padding":"","_kad_post_feature":"","_kad_post_feature_position":"","_kad_post_header":false,"_kad_post_footer":false,"_kad_post_classname":"","_jetpack_memberships_contains_paid_content":false,"footnotes":"","jetpack_publicize_message":"","jetpack_publicize_feature_enabled":true,"jetpack_social_post_already_shared":true,"jetpack_social_options":{"image_generator_settings":{"template":"highway","default_image_id":0,"font":"","enabled":false},"version":2}},"categories":[903,14583,1],"tags":[1033,1504,1319,17798],"class_list":["post-93607","post","type-post","status-publish","format-standard","has-post-thumbnail","hentry","category-1970-1979","category-efemerides","category-portada","tag-1033","tag-juan-pozo","tag-leon-lasa","tag-liga-segunda-1978-79"],"jetpack_publicize_connections":[],"jetpack_featured_media_url":"https:\/\/i0.wp.com\/www.manquepierda.com\/historiarealbetis\/files\/2024\/04\/22-Debuts-de-Leon-Lasa-y-Juan-Pozo.jpg?fit=671%2C452&ssl=1","jetpack_sharing_enabled":true,"jetpack_shortlink":"https:\/\/wp.me\/p1ij08-olN","jetpack-related-posts":[],"_links":{"self":[{"href":"https:\/\/www.manquepierda.com\/historiarealbetis\/wp-json\/wp\/v2\/posts\/93607","targetHints":{"allow":["GET"]}}],"collection":[{"href":"https:\/\/www.manquepierda.com\/historiarealbetis\/wp-json\/wp\/v2\/posts"}],"about":[{"href":"https:\/\/www.manquepierda.com\/historiarealbetis\/wp-json\/wp\/v2\/types\/post"}],"author":[{"embeddable":true,"href":"https:\/\/www.manquepierda.com\/historiarealbetis\/wp-json\/wp\/v2\/users\/5"}],"replies":[{"embeddable":true,"href":"https:\/\/www.manquepierda.com\/historiarealbetis\/wp-json\/wp\/v2\/comments?post=93607"}],"version-history":[{"count":1,"href":"https:\/\/www.manquepierda.com\/historiarealbetis\/wp-json\/wp\/v2\/posts\/93607\/revisions"}],"predecessor-version":[{"id":93609,"href":"https:\/\/www.manquepierda.com\/historiarealbetis\/wp-json\/wp\/v2\/posts\/93607\/revisions\/93609"}],"wp:featuredmedia":[{"embeddable":true,"href":"https:\/\/www.manquepierda.com\/historiarealbetis\/wp-json\/wp\/v2\/media\/93608"}],"wp:attachment":[{"href":"https:\/\/www.manquepierda.com\/historiarealbetis\/wp-json\/wp\/v2\/media?parent=93607"}],"wp:term":[{"taxonomy":"category","embeddable":true,"href":"https:\/\/www.manquepierda.com\/historiarealbetis\/wp-json\/wp\/v2\/categories?post=93607"},{"taxonomy":"post_tag","embeddable":true,"href":"https:\/\/www.manquepierda.com\/historiarealbetis\/wp-json\/wp\/v2\/tags?post=93607"}],"curies":[{"name":"wp","href":"https:\/\/api.w.org\/{rel}","templated":true}]}}