{"id":93751,"date":"2024-05-01T13:00:00","date_gmt":"2024-05-01T11:00:00","guid":{"rendered":"https:\/\/www.manquepierda.com\/historiarealbetis\/?p=93751"},"modified":"2024-08-14T16:33:34","modified_gmt":"2024-08-14T14:33:34","slug":"hoy-hace-14-anos-las-palmas-1-betis-1","status":"publish","type":"post","link":"https:\/\/www.manquepierda.com\/historiarealbetis\/hoy-hace-14-anos-las-palmas-1-betis-1\/","title":{"rendered":"Hoy hace 14 a\u00f1os. Las Palmas 1 Betis 1."},"content":{"rendered":"<div class=\"wp-block-image\">\n<figure class=\"aligncenter size-full is-resized\"><img data-recalc-dims=\"1\" loading=\"lazy\" decoding=\"async\" width=\"330\" height=\"220\" src=\"https:\/\/i0.wp.com\/www.manquepierda.com\/historiarealbetis\/files\/2024\/04\/1-2010-Las-Palmas-1-Betis-1-.jpg?resize=330%2C220&#038;ssl=1\" alt=\"\" class=\"wp-image-93752\" style=\"width:522px;height:auto\" srcset=\"https:\/\/i0.wp.com\/www.manquepierda.com\/historiarealbetis\/files\/2024\/04\/1-2010-Las-Palmas-1-Betis-1-.jpg?w=330&amp;ssl=1 330w, https:\/\/i0.wp.com\/www.manquepierda.com\/historiarealbetis\/files\/2024\/04\/1-2010-Las-Palmas-1-Betis-1-.jpg?resize=220%2C147&amp;ssl=1 220w\" sizes=\"auto, (max-width: 330px) 100vw, 330px\" \/><\/figure>\n<\/div>\n\n<p>\u00a0<\/p>\n<p><span style=\"color: #008000\">El 1 de mayo de 2010 en el Gran Canaria empatan a 1 Las Palmas y Betis en partido de la jornada 35 del Campeonato de Liga de Segunda Divisi\u00f3n.<\/span><\/p>\n<p><span style=\"color: #008000\">Se adelant\u00f3 el Betis con un tanto de Eman\u00e1 en el minuto 67, empatando Rond\u00f3n para los locales en el 88.<\/span><\/p>\n<p><span style=\"color: #008000\">La UD Las Palmas, entrenada por Paco J\u00e9mez, aline\u00f3 a Assman; Juan Palomo, David Garc\u00eda, Samuel, Dani<\/span> <span style=\"color: #008000\">L\u00f3pez; Francis, Josico (29, Garc\u00eda), Jorge, Sa\u00fal; Javi Guerrero y Marcos M\u00e1rquez.<\/span><\/p>\n<p><span style=\"color: #008000\">El Betis, dirigido por V\u00edctor Fern\u00e1ndez, jug\u00f3 con Goitia; Dami\u00e1, Melli, Rivas, Vega; Arzu, Iriney (80, Mehmet Aurelio), Juanma (60, Capi), Nacho; Eman\u00e1 y Pereira (75, Rodri).<\/span><\/p>","protected":false},"excerpt":{"rendered":"<p>\u00a0 El 1 de mayo de 2010 en el Gran Canaria empatan a 1 Las Palmas y Betis en partido de la jornada 35 del Campeonato de Liga de Segunda Divisi\u00f3n. Se adelant\u00f3 el Betis con un tanto de Eman\u00e1 en el minuto 67, empatando Rond\u00f3n para los locales en el 88. La UD Las&#8230;<\/p>\n","protected":false},"author":5,"featured_media":93752,"comment_status":"open","ping_status":"open","sticky":false,"template":"","format":"standard","meta":{"_kad_post_transparent":"","_kad_post_title":"","_kad_post_layout":"","_kad_post_sidebar_id":"","_kad_post_content_style":"","_kad_post_vertical_padding":"","_kad_post_feature":"","_kad_post_feature_position":"","_kad_post_header":false,"_kad_post_footer":false,"_kad_post_classname":"","_jetpack_memberships_contains_paid_content":false,"footnotes":"","jetpack_publicize_message":"","jetpack_publicize_feature_enabled":true,"jetpack_social_post_already_shared":true,"jetpack_social_options":{"image_generator_settings":{"template":"highway","default_image_id":0,"font":"","enabled":false},"version":2}},"categories":[4823,14583,1],"tags":[12046,17948,1327],"class_list":["post-93751","post","type-post","status-publish","format-standard","has-post-thumbnail","hentry","category-2000-2009","category-efemerides","category-portada","tag-12046","tag-liga-segunda-2009-10","tag-ud-las-palmas"],"jetpack_publicize_connections":[],"jetpack_featured_media_url":"https:\/\/i0.wp.com\/www.manquepierda.com\/historiarealbetis\/files\/2024\/04\/1-2010-Las-Palmas-1-Betis-1-.jpg?fit=330%2C220&ssl=1","jetpack_sharing_enabled":true,"jetpack_shortlink":"https:\/\/wp.me\/p1ij08-oo7","jetpack-related-posts":[],"_links":{"self":[{"href":"https:\/\/www.manquepierda.com\/historiarealbetis\/wp-json\/wp\/v2\/posts\/93751","targetHints":{"allow":["GET"]}}],"collection":[{"href":"https:\/\/www.manquepierda.com\/historiarealbetis\/wp-json\/wp\/v2\/posts"}],"about":[{"href":"https:\/\/www.manquepierda.com\/historiarealbetis\/wp-json\/wp\/v2\/types\/post"}],"author":[{"embeddable":true,"href":"https:\/\/www.manquepierda.com\/historiarealbetis\/wp-json\/wp\/v2\/users\/5"}],"replies":[{"embeddable":true,"href":"https:\/\/www.manquepierda.com\/historiarealbetis\/wp-json\/wp\/v2\/comments?post=93751"}],"version-history":[{"count":1,"href":"https:\/\/www.manquepierda.com\/historiarealbetis\/wp-json\/wp\/v2\/posts\/93751\/revisions"}],"predecessor-version":[{"id":93753,"href":"https:\/\/www.manquepierda.com\/historiarealbetis\/wp-json\/wp\/v2\/posts\/93751\/revisions\/93753"}],"wp:featuredmedia":[{"embeddable":true,"href":"https:\/\/www.manquepierda.com\/historiarealbetis\/wp-json\/wp\/v2\/media\/93752"}],"wp:attachment":[{"href":"https:\/\/www.manquepierda.com\/historiarealbetis\/wp-json\/wp\/v2\/media?parent=93751"}],"wp:term":[{"taxonomy":"category","embeddable":true,"href":"https:\/\/www.manquepierda.com\/historiarealbetis\/wp-json\/wp\/v2\/categories?post=93751"},{"taxonomy":"post_tag","embeddable":true,"href":"https:\/\/www.manquepierda.com\/historiarealbetis\/wp-json\/wp\/v2\/tags?post=93751"}],"curies":[{"name":"wp","href":"https:\/\/api.w.org\/{rel}","templated":true}]}}