{"id":93754,"date":"2024-05-02T13:00:00","date_gmt":"2024-05-02T11:00:00","guid":{"rendered":"https:\/\/www.manquepierda.com\/historiarealbetis\/?p=93754"},"modified":"2024-08-12T11:33:45","modified_gmt":"2024-08-12T09:33:45","slug":"hoy-hace-25-anos-betis-1-mallorca-3","status":"publish","type":"post","link":"https:\/\/www.manquepierda.com\/historiarealbetis\/hoy-hace-25-anos-betis-1-mallorca-3\/","title":{"rendered":"Hoy hace 25 a\u00f1os. Betis 1 Mallorca 3."},"content":{"rendered":"<div class=\"wp-block-image\">\n<figure class=\"aligncenter size-full\"><img data-recalc-dims=\"1\" loading=\"lazy\" decoding=\"async\" width=\"646\" height=\"453\" src=\"https:\/\/i0.wp.com\/www.manquepierda.com\/historiarealbetis\/files\/2024\/04\/2-1999-Betis-1-Mallorca-3-1.jpg?resize=646%2C453&#038;ssl=1\" alt=\"\" class=\"wp-image-93756\" srcset=\"https:\/\/i0.wp.com\/www.manquepierda.com\/historiarealbetis\/files\/2024\/04\/2-1999-Betis-1-Mallorca-3-1.jpg?w=646&amp;ssl=1 646w, https:\/\/i0.wp.com\/www.manquepierda.com\/historiarealbetis\/files\/2024\/04\/2-1999-Betis-1-Mallorca-3-1.jpg?resize=220%2C154&amp;ssl=1 220w\" sizes=\"auto, (max-width: 646px) 100vw, 646px\" \/><\/figure>\n<\/div>\n\n<p>\u00a0<\/p>\n<p><span style=\"color: #008000\">El 2 de mayo de 1999 en el Villamar\u00edn el Betis es derrotado 1-3 por el Mallorca en partido de la jornada 32 del Campeonato de Liga de Primera Divisi\u00f3n.<\/span><\/p>\n<p><span style=\"color: #008000\">Stankovic en el minuto 13 puso por delante al Mallorca; Oli empat\u00f3 de cabeza en el 50 a centro de Filipescu; Ibagaza en el 66 hizo el 1-2 y cerr\u00f3 la cuenta Paunovic de cabeza en el 74.<\/span><\/p>\n<p><span style=\"color: #008000\">El Betis, dirigido por Javier Clemente, form\u00f3 con Valerio; Jaime (54, Ca\u00f1as), Merino (67, Ito), Ure\u00f1a, Ol\u00edas, Luis Fern\u00e1ndez; G\u00e1lvez (67, M\u00e1rquez), Filipescu, Fernando; Denilson y Oli.<\/span><\/p>\n<p><span style=\"color: #008000\">El Mallorca, entrenado por H\u00e9ctor C\u00faper, jug\u00f3 con Roa; Lauren, Olaizola, Marcelino, M. Soler; Chichi Soler, Engonga, Ibagaza (79, Carreras), Stankovic (88, L\u00f3pez); Biaggini (67, Paunovic) y Dani.<\/span><\/p>","protected":false},"excerpt":{"rendered":"<p>\u00a0 El 2 de mayo de 1999 en el Villamar\u00edn el Betis es derrotado 1-3 por el Mallorca en partido de la jornada 32 del Campeonato de Liga de Primera Divisi\u00f3n. Stankovic en el minuto 13 puso por delante al Mallorca; Oli empat\u00f3 de cabeza en el 50 a centro de Filipescu; Ibagaza en el&#8230;<\/p>\n","protected":false},"author":5,"featured_media":93756,"comment_status":"open","ping_status":"open","sticky":false,"template":"","format":"standard","meta":{"_kad_post_transparent":"","_kad_post_title":"","_kad_post_layout":"","_kad_post_sidebar_id":"","_kad_post_content_style":"","_kad_post_vertical_padding":"","_kad_post_feature":"","_kad_post_feature_position":"","_kad_post_header":false,"_kad_post_footer":false,"_kad_post_classname":"","_jetpack_memberships_contains_paid_content":false,"footnotes":"","jetpack_publicize_message":"","jetpack_publicize_feature_enabled":true,"jetpack_social_post_already_shared":true,"jetpack_social_options":{"image_generator_settings":{"template":"highway","default_image_id":0,"font":"","enabled":false},"version":2}},"categories":[905,14583,1],"tags":[4449,17812,2240],"class_list":["post-93754","post","type-post","status-publish","format-standard","has-post-thumbnail","hentry","category-1990-1999","category-efemerides","category-portada","tag-4449","tag-liga-primera-1998-99","tag-rcd-mallorca"],"jetpack_publicize_connections":[],"jetpack_featured_media_url":"https:\/\/i0.wp.com\/www.manquepierda.com\/historiarealbetis\/files\/2024\/04\/2-1999-Betis-1-Mallorca-3-1.jpg?fit=646%2C453&ssl=1","jetpack_sharing_enabled":true,"jetpack_shortlink":"https:\/\/wp.me\/p1ij08-ooa","jetpack-related-posts":[],"_links":{"self":[{"href":"https:\/\/www.manquepierda.com\/historiarealbetis\/wp-json\/wp\/v2\/posts\/93754","targetHints":{"allow":["GET"]}}],"collection":[{"href":"https:\/\/www.manquepierda.com\/historiarealbetis\/wp-json\/wp\/v2\/posts"}],"about":[{"href":"https:\/\/www.manquepierda.com\/historiarealbetis\/wp-json\/wp\/v2\/types\/post"}],"author":[{"embeddable":true,"href":"https:\/\/www.manquepierda.com\/historiarealbetis\/wp-json\/wp\/v2\/users\/5"}],"replies":[{"embeddable":true,"href":"https:\/\/www.manquepierda.com\/historiarealbetis\/wp-json\/wp\/v2\/comments?post=93754"}],"version-history":[{"count":2,"href":"https:\/\/www.manquepierda.com\/historiarealbetis\/wp-json\/wp\/v2\/posts\/93754\/revisions"}],"predecessor-version":[{"id":93758,"href":"https:\/\/www.manquepierda.com\/historiarealbetis\/wp-json\/wp\/v2\/posts\/93754\/revisions\/93758"}],"wp:featuredmedia":[{"embeddable":true,"href":"https:\/\/www.manquepierda.com\/historiarealbetis\/wp-json\/wp\/v2\/media\/93756"}],"wp:attachment":[{"href":"https:\/\/www.manquepierda.com\/historiarealbetis\/wp-json\/wp\/v2\/media?parent=93754"}],"wp:term":[{"taxonomy":"category","embeddable":true,"href":"https:\/\/www.manquepierda.com\/historiarealbetis\/wp-json\/wp\/v2\/categories?post=93754"},{"taxonomy":"post_tag","embeddable":true,"href":"https:\/\/www.manquepierda.com\/historiarealbetis\/wp-json\/wp\/v2\/tags?post=93754"}],"curies":[{"name":"wp","href":"https:\/\/api.w.org\/{rel}","templated":true}]}}