{"id":93770,"date":"2024-05-05T13:00:00","date_gmt":"2024-05-05T11:00:00","guid":{"rendered":"https:\/\/www.manquepierda.com\/historiarealbetis\/?p=93770"},"modified":"2024-08-09T12:31:55","modified_gmt":"2024-08-09T10:31:55","slug":"hoy-hace-55-anos-santiago-tejera-nuevo-entrenador","status":"publish","type":"post","link":"https:\/\/www.manquepierda.com\/historiarealbetis\/hoy-hace-55-anos-santiago-tejera-nuevo-entrenador\/","title":{"rendered":"Hoy hace 55 a\u00f1os. Santiago Tejera, nuevo entrenador."},"content":{"rendered":"<div class=\"wp-block-image\">\n<figure class=\"aligncenter size-full is-resized\"><img data-recalc-dims=\"1\" loading=\"lazy\" decoding=\"async\" width=\"201\" height=\"304\" src=\"https:\/\/i0.wp.com\/www.manquepierda.com\/historiarealbetis\/files\/2024\/04\/5-1969-SantiagoTejera-nuevo-entrenador.jpg?resize=201%2C304&#038;ssl=1\" alt=\"\" class=\"wp-image-93771\" style=\"width:441px;height:auto\" srcset=\"https:\/\/i0.wp.com\/www.manquepierda.com\/historiarealbetis\/files\/2024\/04\/5-1969-SantiagoTejera-nuevo-entrenador.jpg?w=201&amp;ssl=1 201w, https:\/\/i0.wp.com\/www.manquepierda.com\/historiarealbetis\/files\/2024\/04\/5-1969-SantiagoTejera-nuevo-entrenador.jpg?resize=145%2C220&amp;ssl=1 145w\" sizes=\"auto, (max-width: 201px) 100vw, 201px\" \/><\/figure>\n<\/div>\n\n<p>\u00a0<\/p>\n<p>\u00a0<\/p>\n<p><span style=\"color: #008000\">El 5 de mayo de 1969 la junta directiva b\u00e9tica daba a conocer la siguiente nota:<\/span><\/p>\n<p><em><span style=\"color: #008000\">\u201cEl Real Betis Balompi\u00e9, para resolver definitivamente, y hasta fin de temporada, la crisis suscitada tras las dimisiones sucesivas de sus entrenadores, ha nombrado director t\u00e9cnico de toda su plantilla a Santiago Tejera, quien tendr\u00e1 absoluta y total responsabilidad de entrenamientos y alineaciones\u201d.<\/span><\/em><\/p>\n<p><span style=\"color: #008000\">Santiago Tejera se convert\u00eda as\u00ed en el cuarto t\u00e9cnico b\u00e9tico de la temporada 1968-69, tras Sabino Barinaga (entre julio y noviembre de 1968), Fernando Daucik (noviembre de 1968 a abril de 1969) y Esteban Areta (entre abril y mayo de 1969).<\/span><\/p>\n<p><span style=\"color: #008000\">Santiago Tejera, a sus 50 a\u00f1os, llevaba vinculado al club b\u00e9tico desde la segunda mitad de la d\u00e9cada de los 50 como entrenador de los \u00a0equipos amateur y juvenil de la entidad.<\/span><\/p>","protected":false},"excerpt":{"rendered":"<p>\u00a0 \u00a0 El 5 de mayo de 1969 la junta directiva b\u00e9tica daba a conocer la siguiente nota: \u201cEl Real Betis Balompi\u00e9, para resolver definitivamente, y hasta fin de temporada, la crisis suscitada tras las dimisiones sucesivas de sus entrenadores, ha nombrado director t\u00e9cnico de toda su plantilla a Santiago Tejera, quien tendr\u00e1 absoluta y&#8230;<\/p>\n","protected":false},"author":5,"featured_media":93771,"comment_status":"open","ping_status":"open","sticky":false,"template":"","format":"standard","meta":{"_kad_post_transparent":"","_kad_post_title":"","_kad_post_layout":"","_kad_post_sidebar_id":"","_kad_post_content_style":"","_kad_post_vertical_padding":"","_kad_post_feature":"","_kad_post_feature_position":"","_kad_post_header":false,"_kad_post_footer":false,"_kad_post_classname":"","_jetpack_memberships_contains_paid_content":false,"footnotes":"","jetpack_publicize_message":"","jetpack_publicize_feature_enabled":true,"jetpack_social_post_already_shared":true,"jetpack_social_options":{"image_generator_settings":{"template":"highway","default_image_id":0,"font":"","enabled":false},"version":2}},"categories":[902,14583,1],"tags":[4201,17792,12001],"class_list":["post-93770","post","type-post","status-publish","format-standard","has-post-thumbnail","hentry","category-1960-1969","category-efemerides","category-portada","tag-4201","tag-liga-segunda-1968-69","tag-santiago-tejera"],"jetpack_publicize_connections":[],"jetpack_featured_media_url":"https:\/\/i0.wp.com\/www.manquepierda.com\/historiarealbetis\/files\/2024\/04\/5-1969-SantiagoTejera-nuevo-entrenador.jpg?fit=201%2C304&ssl=1","jetpack_sharing_enabled":true,"jetpack_shortlink":"https:\/\/wp.me\/p1ij08-ooq","jetpack-related-posts":[],"_links":{"self":[{"href":"https:\/\/www.manquepierda.com\/historiarealbetis\/wp-json\/wp\/v2\/posts\/93770","targetHints":{"allow":["GET"]}}],"collection":[{"href":"https:\/\/www.manquepierda.com\/historiarealbetis\/wp-json\/wp\/v2\/posts"}],"about":[{"href":"https:\/\/www.manquepierda.com\/historiarealbetis\/wp-json\/wp\/v2\/types\/post"}],"author":[{"embeddable":true,"href":"https:\/\/www.manquepierda.com\/historiarealbetis\/wp-json\/wp\/v2\/users\/5"}],"replies":[{"embeddable":true,"href":"https:\/\/www.manquepierda.com\/historiarealbetis\/wp-json\/wp\/v2\/comments?post=93770"}],"version-history":[{"count":2,"href":"https:\/\/www.manquepierda.com\/historiarealbetis\/wp-json\/wp\/v2\/posts\/93770\/revisions"}],"predecessor-version":[{"id":93808,"href":"https:\/\/www.manquepierda.com\/historiarealbetis\/wp-json\/wp\/v2\/posts\/93770\/revisions\/93808"}],"wp:featuredmedia":[{"embeddable":true,"href":"https:\/\/www.manquepierda.com\/historiarealbetis\/wp-json\/wp\/v2\/media\/93771"}],"wp:attachment":[{"href":"https:\/\/www.manquepierda.com\/historiarealbetis\/wp-json\/wp\/v2\/media?parent=93770"}],"wp:term":[{"taxonomy":"category","embeddable":true,"href":"https:\/\/www.manquepierda.com\/historiarealbetis\/wp-json\/wp\/v2\/categories?post=93770"},{"taxonomy":"post_tag","embeddable":true,"href":"https:\/\/www.manquepierda.com\/historiarealbetis\/wp-json\/wp\/v2\/tags?post=93770"}],"curies":[{"name":"wp","href":"https:\/\/api.w.org\/{rel}","templated":true}]}}