{"id":93773,"date":"2024-04-29T11:00:00","date_gmt":"2024-04-29T09:00:00","guid":{"rendered":"https:\/\/www.manquepierda.com\/historiarealbetis\/?p=93773"},"modified":"2024-04-28T13:25:12","modified_gmt":"2024-04-28T11:25:12","slug":"entrevista-vicente-montiel-1984","status":"publish","type":"post","link":"https:\/\/www.manquepierda.com\/historiarealbetis\/entrevista-vicente-montiel-1984\/","title":{"rendered":"Entrevista Vicente Montiel 1984"},"content":{"rendered":"<div class=\"wp-block-image\">\n<figure class=\"aligncenter size-large\"><img data-recalc-dims=\"1\" loading=\"lazy\" decoding=\"async\" width=\"398\" height=\"700\" src=\"https:\/\/i0.wp.com\/www.manquepierda.com\/historiarealbetis\/files\/2024\/04\/Entrevista-Vicente-Montiel-1984.jpg?resize=398%2C700&#038;ssl=1\" alt=\"\" class=\"wp-image-93774\" srcset=\"https:\/\/i0.wp.com\/www.manquepierda.com\/historiarealbetis\/files\/2024\/04\/Entrevista-Vicente-Montiel-1984.jpg?resize=398%2C700&amp;ssl=1 398w, https:\/\/i0.wp.com\/www.manquepierda.com\/historiarealbetis\/files\/2024\/04\/Entrevista-Vicente-Montiel-1984.jpg?resize=341%2C600&amp;ssl=1 341w, https:\/\/i0.wp.com\/www.manquepierda.com\/historiarealbetis\/files\/2024\/04\/Entrevista-Vicente-Montiel-1984.jpg?resize=125%2C220&amp;ssl=1 125w, https:\/\/i0.wp.com\/www.manquepierda.com\/historiarealbetis\/files\/2024\/04\/Entrevista-Vicente-Montiel-1984.jpg?w=411&amp;ssl=1 411w\" sizes=\"auto, (max-width: 398px) 100vw, 398px\" \/><\/figure>\n<\/div>\n\n<p>\u00a0<\/p>\n<p>Como vimos<a href=\"https:\/\/www.manquepierda.com\/historiarealbetis\/hoy-hace-20-anos-23\/\"><strong> aqu\u00ed<\/strong><\/a>\u00a0 ayer se cumplieron 25 a\u00f1os del fallecimiento de Vicente Montiel, un aut\u00e9ntico profesional en su campo de la fisioterapia que estuvo al servicio del Real Betis Balompi\u00e9 entre los a\u00f1os 1956 y 1994.<\/p>\n<p>Nos sirve esta efem\u00e9rides para recordar el paso de \u00abManos M\u00e1gicas\u00bb, como fue popularmente conocido, por el club verdiblanco con esta entrevista publicada en las p\u00e1ginas de Diario 16 Andaluc\u00eda en abril de 1985 y a cargo del periodista Jos\u00e9 Mar\u00eda Guti\u00e9rrez, y que nos ayuda para profundizar un poco en las impresiones de una persona que conoc\u00eda el f\u00fatbol desde dentro, pero que siempre mantuvo una exquisita cordialidad con todos los jugadores y entrenadores que pasaron por el banquillo b\u00e9tico a lo largo de casi 40 a\u00f1os.<\/p>\n<p><span style=\"color: #008000\"><em>Vicente el del botiqu\u00edn es un fisioterapeuta cuya profesi\u00f3n le ha llevado a \u201cchupar\u201d m\u00e1s banquillo en el Betis que ning\u00fan jugador o entrenador. \u201cManos m\u00e1gicas\u201d, como afectuosamente se le conoce en la familia b\u00e9tica, se ha convertido en una instituci\u00f3n dentro del equipo sanitario del Benito Villamar\u00edn.<\/em><\/span><\/p>\n<p><span style=\"color: #008000\"><em>Vicente Montiel Cort\u00e9s es la persona que m\u00e1s banquillo lleva \u201cchupado\u201d en la historia del Real Betis. Desde hace veintiocho a\u00f1os es el titular del \u201cagua milagrosa\u201d del club verdiblanco. Fisioterapeuta de profesi\u00f3n y muy b\u00e9tico de afici\u00f3n, lleva casi tres d\u00e9cadas quitando dolores a los jugadores verdiblancos.<\/em><\/span><\/p>\n<p><span style=\"color: #008000\"><em>Vicente Montiel es hoy uno de los fisioterapeutas m\u00e1s reconocidos del f\u00fatbol espa\u00f1ol. \u201cSoy actualmente el m\u00e1s veterano de los masajistas de Primera Divisi\u00f3n, y he sido tres veces internacional con el botiqu\u00edn a cuestas\u201d.<\/em><\/span><\/p>\n<p><span style=\"color: #008000\"><em>Por las manos de Vicente han pasado las piernas de innumerables futbolistas verdiblancos, que siempre encontraron en \u00e9l el toque sanitario que aliviaba sus dolencias y el consejo de un buen amigo: \u201cMe gusta complementar mi profesi\u00f3n con el apoyo a los futbolistas como amigo, sobre todo en los momentos en los que suelen tener los \u00e1nimos muy bajos es fundamental, aparte de la labor sanitaria, el apoyo moral\u201d.<\/em><\/span><\/p>\n<p><span style=\"color: #008000\"><em>Montiel se autocalifica con un buen consejero: \u201cEstoy satisfecho cuando ayudo a los chavales a remontar sus problemas\u201d. <\/em><\/span><\/p>\n<p><span style=\"color: #008000\"><em>En sus carreras hacia el centro del campo cuando tiene que atender a un jugador ca\u00eddo dice que \u201clo m\u00e1s preocupante es cuando el futbolista se ha golpeado en la cabeza y se encuentra sin sentido, por eso me gusta m\u00e1s una fractura de pierna\u201d.<\/em><\/span><\/p>\n<p><span style=\"color: #008000\"><em>Tras muchos a\u00f1os de profesi\u00f3n, el masajista del Real Betis no cree que los estimulantes sean beneficiosos para el jugador: \u201cDesde luego hay que distinguir entre los estimulantes, porque estimulantes son las primas, pero refiri\u00e9ndome a los estimulantes qu\u00edmicos, tampoco se puede valorar cu\u00e1l es perjudicial y cu\u00e1l no; hasta hace poco tiempo se tomaban optalidones, ahora se ha demostrado que son estimulantes y se dejan de tomar, y de cualquier manera no existe una normativa que aclare perfectamente qu\u00e9 sustancia es nociva\u201d.<\/em><\/span><\/p>\n<p><span style=\"color: #008000\"><em>En sus largos a\u00f1os de carrera ha sospechado en algunos jugadores que se estimulaban, pero no cree que en el f\u00fatbol exista de modo colectivo la utilizaci\u00f3n del dopping: \u201cindividualmente puede ser que se dope alg\u00fan jugador, eso es dif\u00edcil de saber. Recuerdo que un jugador extranjero que jug\u00f3 un trofeo para ser probado por el Betis, y el muchacho para salvar la prueba estoy casi seguro que se dop\u00f3, porque su rendimiento en otros encuentros fue baj\u00edsimo con respecto a ese encuentro de prueba\u201d.<\/em><\/span><\/p>\n<p><span style=\"color: #008000\"><em>Tambi\u00e9n le viene a la memoria al fisioterapeuta verdiblanco el caso de una gran figura del f\u00fatbol, el cual se enfrent\u00f3 con su equipo al Betis tras varias jornadas de disputa de varios encuentros en pocas fechas: \u201ceste jugador durante toda la primera parte se mostr\u00f3 muy cansado y, tras el descanso, \u00e9l solo nos barri\u00f3 del campo; de cualquier manera, era un gran jugador, aunque\u00a0 el excesivo n\u00famero de partidos le empujara a tomar alguna sustancia\u201d.<\/em><\/span><\/p>\n<p><span style=\"color: #008000\"><em>Desde el banquillo Vicente Montiel sabe como nadie lo que es sufrir y gozar; \u00e9l ha sentido los segundazos y las mayores alegr\u00edas siempre en primer plano. Junto a \u00e9l se sentaron m\u00e1s de treinta entrenadores \u201ccada uno con su librillo\u201d.<\/em><\/span><\/p>\n<p><span style=\"color: #008000\"><em>Sus mejores recuerdos est\u00e1n recientes: \u201cLa final de la Copa del Rey y el cero a cuatro de hace dos temporadas en el Calder\u00f3n\u201d. <\/em><\/span><\/p>\n<p><span style=\"color: #008000\"><em>Es un amante del f\u00fatbol bonito: \u201cTanto el Betis como el Sevilla siempre han realizado un f\u00fatbol precioso, yo recuerdo \u00e9pocas por ambos bandos de un f\u00fatbol espectacular\u201d.<\/em><\/span><\/p>\n<p><span style=\"color: #008000\"><em>Vicente Montiel es \u201cel manos m\u00e1gicas\u201d, el hombre del agua milagrosa, un agua milagrosa que \u00e9l desmitifica porque \u201cno hay tal milagro, es agua mineral, lo que cura son los analg\u00e9sicos y los dem\u00e1s elementos que llevo en el botiqu\u00edn, uno de urgencias y otro cargado de medicamentos\u201d. <\/em><\/span><\/p>","protected":false},"excerpt":{"rendered":"<p>\u00a0 Como vimos aqu\u00ed\u00a0 ayer se cumplieron 25 a\u00f1os del fallecimiento de Vicente Montiel, un aut\u00e9ntico profesional en su campo de la fisioterapia que estuvo al servicio del Real Betis Balompi\u00e9 entre los a\u00f1os 1956 y 1994. Nos sirve esta efem\u00e9rides para recordar el paso de \u00abManos M\u00e1gicas\u00bb, como fue popularmente conocido, por el club&#8230;<\/p>\n","protected":false},"author":5,"featured_media":93774,"comment_status":"open","ping_status":"open","sticky":false,"template":"","format":"standard","meta":{"_kad_post_transparent":"","_kad_post_title":"","_kad_post_layout":"","_kad_post_sidebar_id":"","_kad_post_content_style":"","_kad_post_vertical_padding":"","_kad_post_feature":"","_kad_post_feature_position":"","_kad_post_header":false,"_kad_post_footer":false,"_kad_post_classname":"","_jetpack_memberships_contains_paid_content":false,"footnotes":"","jetpack_publicize_message":"","jetpack_publicize_feature_enabled":true,"jetpack_social_post_already_shared":true,"jetpack_social_options":{"image_generator_settings":{"template":"highway","default_image_id":0,"font":"","enabled":false},"version":2}},"categories":[904,1],"tags":[4225,3115,17153,1606],"class_list":["post-93773","post","type-post","status-publish","format-standard","has-post-thumbnail","hentry","category-1980-1989","category-portada","tag-1983-84","tag-3115","tag-jose-maria-gutierrez","tag-vicente-montiel"],"jetpack_publicize_connections":[],"jetpack_featured_media_url":"https:\/\/i0.wp.com\/www.manquepierda.com\/historiarealbetis\/files\/2024\/04\/Entrevista-Vicente-Montiel-1984.jpg?fit=411%2C723&ssl=1","jetpack_sharing_enabled":true,"jetpack_shortlink":"https:\/\/wp.me\/p1ij08-oot","jetpack-related-posts":[],"_links":{"self":[{"href":"https:\/\/www.manquepierda.com\/historiarealbetis\/wp-json\/wp\/v2\/posts\/93773","targetHints":{"allow":["GET"]}}],"collection":[{"href":"https:\/\/www.manquepierda.com\/historiarealbetis\/wp-json\/wp\/v2\/posts"}],"about":[{"href":"https:\/\/www.manquepierda.com\/historiarealbetis\/wp-json\/wp\/v2\/types\/post"}],"author":[{"embeddable":true,"href":"https:\/\/www.manquepierda.com\/historiarealbetis\/wp-json\/wp\/v2\/users\/5"}],"replies":[{"embeddable":true,"href":"https:\/\/www.manquepierda.com\/historiarealbetis\/wp-json\/wp\/v2\/comments?post=93773"}],"version-history":[{"count":4,"href":"https:\/\/www.manquepierda.com\/historiarealbetis\/wp-json\/wp\/v2\/posts\/93773\/revisions"}],"predecessor-version":[{"id":93801,"href":"https:\/\/www.manquepierda.com\/historiarealbetis\/wp-json\/wp\/v2\/posts\/93773\/revisions\/93801"}],"wp:featuredmedia":[{"embeddable":true,"href":"https:\/\/www.manquepierda.com\/historiarealbetis\/wp-json\/wp\/v2\/media\/93774"}],"wp:attachment":[{"href":"https:\/\/www.manquepierda.com\/historiarealbetis\/wp-json\/wp\/v2\/media?parent=93773"}],"wp:term":[{"taxonomy":"category","embeddable":true,"href":"https:\/\/www.manquepierda.com\/historiarealbetis\/wp-json\/wp\/v2\/categories?post=93773"},{"taxonomy":"post_tag","embeddable":true,"href":"https:\/\/www.manquepierda.com\/historiarealbetis\/wp-json\/wp\/v2\/tags?post=93773"}],"curies":[{"name":"wp","href":"https:\/\/api.w.org\/{rel}","templated":true}]}}