{"id":93819,"date":"2024-05-09T13:00:00","date_gmt":"2024-05-09T11:00:00","guid":{"rendered":"https:\/\/www.manquepierda.com\/historiarealbetis\/?p=93819"},"modified":"2024-08-11T18:11:26","modified_gmt":"2024-08-11T16:11:26","slug":"hoy-hace-45-anos-betis-1-jaen-0","status":"publish","type":"post","link":"https:\/\/www.manquepierda.com\/historiarealbetis\/hoy-hace-45-anos-betis-1-jaen-0\/","title":{"rendered":"Hoy hace 45 a\u00f1os. Betis 1 Ja\u00e9n 0."},"content":{"rendered":"<div class=\"wp-block-image\">\n<figure class=\"aligncenter size-full\"><img data-recalc-dims=\"1\" loading=\"lazy\" decoding=\"async\" width=\"730\" height=\"450\" src=\"https:\/\/i0.wp.com\/www.manquepierda.com\/historiarealbetis\/files\/2024\/05\/9-1979-Betis-1-Jaen-0.jpg?resize=730%2C450&#038;ssl=1\" alt=\"\" class=\"wp-image-93820\" srcset=\"https:\/\/i0.wp.com\/www.manquepierda.com\/historiarealbetis\/files\/2024\/05\/9-1979-Betis-1-Jaen-0.jpg?w=730&amp;ssl=1 730w, https:\/\/i0.wp.com\/www.manquepierda.com\/historiarealbetis\/files\/2024\/05\/9-1979-Betis-1-Jaen-0.jpg?resize=680%2C419&amp;ssl=1 680w, https:\/\/i0.wp.com\/www.manquepierda.com\/historiarealbetis\/files\/2024\/05\/9-1979-Betis-1-Jaen-0.jpg?resize=220%2C136&amp;ssl=1 220w\" sizes=\"auto, (max-width: 730px) 100vw, 730px\" \/><\/figure>\n<\/div>\n\n<p>\u00a0<\/p>\n<p><span style=\"color: #008000\">El 9 de mayo de 1979 en El Arc\u00e1ngel el Betis derrota 1-0 al Ja\u00e9n en partido de la jornada 29 del Campeonato de Liga de Segunda Divisi\u00f3n.<\/span><\/p>\n<p><span style=\"color: #008000\">Megido en el minuto 69 marc\u00f3 el \u00fanico gol del partido, rematando de cabeza una falta botada por Carde\u00f1osa.<\/span><\/p>\n<p><span style=\"color: #008000\">Este encuentro era una repetici\u00f3n del jugado el 15 de abril en el Villamar\u00edn con victoria visitante 1-2, pero que fue anulado por alineaci\u00f3n indebida del guardameta jiennense, y obligado a jugarse en C\u00f3rdoba.<\/span><\/p>\n<p><span style=\"color: #008000\">El Betis, dirigido por Le\u00f3n Lasa, aline\u00f3 a Esnaola; Killer, Muhren, Cobo, Gordillo; Ortega, Alabanda (57, L\u00f3pez), Carde\u00f1osa; Megido, Hugo Cabezas y Garc\u00eda Soriano (46, Anzarda).<\/span><\/p>\n<p><span style=\"color: #008000\">El Ja\u00e9n, entrenado por Manuel Ruiz Sosa, form\u00f3 con Espinosa; Machado (74, Arias), Pedraza, Monterde, Mart\u00edn (69, Meil\u00e1n); Calabuig, Lorite, Lacalle; Carlos, Cuesta y Torres. \u00a0\u00a0<\/span><\/p>","protected":false},"excerpt":{"rendered":"<p>\u00a0 El 9 de mayo de 1979 en El Arc\u00e1ngel el Betis derrota 1-0 al Ja\u00e9n en partido de la jornada 29 del Campeonato de Liga de Segunda Divisi\u00f3n. Megido en el minuto 69 marc\u00f3 el \u00fanico gol del partido, rematando de cabeza una falta botada por Carde\u00f1osa. Este encuentro era una repetici\u00f3n del jugado&#8230;<\/p>\n","protected":false},"author":5,"featured_media":93820,"comment_status":"open","ping_status":"open","sticky":false,"template":"","format":"standard","meta":{"_kad_post_transparent":"","_kad_post_title":"","_kad_post_layout":"","_kad_post_sidebar_id":"","_kad_post_content_style":"","_kad_post_vertical_padding":"","_kad_post_feature":"","_kad_post_feature_position":"","_kad_post_header":false,"_kad_post_footer":false,"_kad_post_classname":"","_jetpack_memberships_contains_paid_content":false,"footnotes":"","jetpack_publicize_message":"","jetpack_publicize_feature_enabled":true,"jetpack_social_post_already_shared":true,"jetpack_social_options":{"image_generator_settings":{"template":"highway","default_image_id":0,"font":"","enabled":false},"version":2}},"categories":[903,14583,1],"tags":[1033,17798,16772],"class_list":["post-93819","post","type-post","status-publish","format-standard","has-post-thumbnail","hentry","category-1970-1979","category-efemerides","category-portada","tag-1033","tag-liga-segunda-1978-79","tag-real-jaen-cf"],"jetpack_publicize_connections":[],"jetpack_featured_media_url":"https:\/\/i0.wp.com\/www.manquepierda.com\/historiarealbetis\/files\/2024\/05\/9-1979-Betis-1-Jaen-0.jpg?fit=730%2C450&ssl=1","jetpack_sharing_enabled":true,"jetpack_shortlink":"https:\/\/wp.me\/p1ij08-opd","jetpack-related-posts":[],"_links":{"self":[{"href":"https:\/\/www.manquepierda.com\/historiarealbetis\/wp-json\/wp\/v2\/posts\/93819","targetHints":{"allow":["GET"]}}],"collection":[{"href":"https:\/\/www.manquepierda.com\/historiarealbetis\/wp-json\/wp\/v2\/posts"}],"about":[{"href":"https:\/\/www.manquepierda.com\/historiarealbetis\/wp-json\/wp\/v2\/types\/post"}],"author":[{"embeddable":true,"href":"https:\/\/www.manquepierda.com\/historiarealbetis\/wp-json\/wp\/v2\/users\/5"}],"replies":[{"embeddable":true,"href":"https:\/\/www.manquepierda.com\/historiarealbetis\/wp-json\/wp\/v2\/comments?post=93819"}],"version-history":[{"count":1,"href":"https:\/\/www.manquepierda.com\/historiarealbetis\/wp-json\/wp\/v2\/posts\/93819\/revisions"}],"predecessor-version":[{"id":93821,"href":"https:\/\/www.manquepierda.com\/historiarealbetis\/wp-json\/wp\/v2\/posts\/93819\/revisions\/93821"}],"wp:featuredmedia":[{"embeddable":true,"href":"https:\/\/www.manquepierda.com\/historiarealbetis\/wp-json\/wp\/v2\/media\/93820"}],"wp:attachment":[{"href":"https:\/\/www.manquepierda.com\/historiarealbetis\/wp-json\/wp\/v2\/media?parent=93819"}],"wp:term":[{"taxonomy":"category","embeddable":true,"href":"https:\/\/www.manquepierda.com\/historiarealbetis\/wp-json\/wp\/v2\/categories?post=93819"},{"taxonomy":"post_tag","embeddable":true,"href":"https:\/\/www.manquepierda.com\/historiarealbetis\/wp-json\/wp\/v2\/tags?post=93819"}],"curies":[{"name":"wp","href":"https:\/\/api.w.org\/{rel}","templated":true}]}}