{"id":93996,"date":"2024-05-31T13:00:00","date_gmt":"2024-05-31T11:00:00","guid":{"rendered":"https:\/\/www.manquepierda.com\/historiarealbetis\/?p=93996"},"modified":"2024-05-12T19:06:20","modified_gmt":"2024-05-12T17:06:20","slug":"hoy-hace-70-anos-recibimiento-al-betis","status":"publish","type":"post","link":"https:\/\/www.manquepierda.com\/historiarealbetis\/hoy-hace-70-anos-recibimiento-al-betis\/","title":{"rendered":"Hoy hace 70 a\u00f1os. Recibimiento al Betis."},"content":{"rendered":"<div class=\"wp-block-image\">\n<figure class=\"aligncenter size-full\"><img data-recalc-dims=\"1\" loading=\"lazy\" decoding=\"async\" width=\"788\" height=\"610\" src=\"https:\/\/i0.wp.com\/www.manquepierda.com\/historiarealbetis\/files\/2024\/05\/31-1954-Recibimiento.jpg?resize=788%2C610&#038;ssl=1\" alt=\"\" class=\"wp-image-93997\" srcset=\"https:\/\/i0.wp.com\/www.manquepierda.com\/historiarealbetis\/files\/2024\/05\/31-1954-Recibimiento.jpg?w=788&amp;ssl=1 788w, https:\/\/i0.wp.com\/www.manquepierda.com\/historiarealbetis\/files\/2024\/05\/31-1954-Recibimiento.jpg?resize=680%2C526&amp;ssl=1 680w, https:\/\/i0.wp.com\/www.manquepierda.com\/historiarealbetis\/files\/2024\/05\/31-1954-Recibimiento.jpg?resize=220%2C170&amp;ssl=1 220w, https:\/\/i0.wp.com\/www.manquepierda.com\/historiarealbetis\/files\/2024\/05\/31-1954-Recibimiento.jpg?resize=768%2C595&amp;ssl=1 768w\" sizes=\"auto, (max-width: 788px) 100vw, 788px\" \/><\/figure>\n<\/div>\n\n<p>\u00a0<\/p>\n<p><span style=\"color: #008000\">El 31 de mayo de 1954 la expedici\u00f3n b\u00e9tica regresa a Sevilla despu\u00e9s de haber jugado y ganado 0-1 en Valdepe\u00f1as el d\u00eda anterior, en el \u00faltimo partido de la temporada 1953-54.<\/span><\/p>\n<p><span style=\"color: #008000\">Es, por lo tanto, el \u00faltimo partido de la etapa de 7 a\u00f1os en la Tercera Divisi\u00f3n, y como tal se celebra en la ciudad cuando el equipo b\u00e9tico llega en la tarde del 31 de mayo.\u00a0\u00a0\u00a0\u00a0<\/span><\/p>\n<p><span style=\"color: #008000\">El equipo sali\u00f3 de Valdepe\u00f1as por la ma\u00f1ana, deteni\u00e9ndose a almorzar en C\u00f3rdoba. En \u00c9cija y La Luisiana se produjeron las primeras muestras de carri\u00f1o, que se desbordaron al llegar a Carmona, pues una masa considerable de aficionados se hablan desplazado all\u00ed desde Sevilla. El equipo fue recibido en el Ayuntamiento carmonense, y desde all\u00ed la caravana con una extensi\u00f3n de m\u00e1s de 3 kil\u00f3metros se puso en marcha hacia Sevilla, adonde llegaron ya en la anochecida, y donde miles de personas se agrupaban desde la Trinidad hasta la Plaza Nueva, en un recorrido que dur\u00f3 3 horas. \u00a0\u00a0<\/span><\/p>\n<p><span style=\"color: #008000\">En la Plaza Nueva el entrenador Francisco G\u00f3mez se dirigi\u00f3 a la multitud concentrada desde el techo de un coche. Posteriormente el equipo y la directiva se dirigieron al bar Bilindo en la Plaza de Am\u00e9rica donde se celebr\u00f3 una cena.<\/span><\/p>","protected":false},"excerpt":{"rendered":"<p>\u00a0 El 31 de mayo de 1954 la expedici\u00f3n b\u00e9tica regresa a Sevilla despu\u00e9s de haber jugado y ganado 0-1 en Valdepe\u00f1as el d\u00eda anterior, en el \u00faltimo partido de la temporada 1953-54. Es, por lo tanto, el \u00faltimo partido de la etapa de 7 a\u00f1os en la Tercera Divisi\u00f3n, y como tal se celebra&#8230;<\/p>\n","protected":false},"author":5,"featured_media":93997,"comment_status":"open","ping_status":"open","sticky":false,"template":"","format":"standard","meta":{"_kad_post_transparent":"","_kad_post_title":"","_kad_post_layout":"","_kad_post_sidebar_id":"","_kad_post_content_style":"","_kad_post_vertical_padding":"","_kad_post_feature":"","_kad_post_feature_position":"","_kad_post_header":false,"_kad_post_footer":false,"_kad_post_classname":"","_jetpack_memberships_contains_paid_content":false,"footnotes":"","jetpack_publicize_message":"","jetpack_publicize_feature_enabled":true,"jetpack_social_post_already_shared":true,"jetpack_social_options":{"image_generator_settings":{"template":"highway","default_image_id":0,"font":"","enabled":false},"version":2}},"categories":[901,14583,1],"tags":[54,1574],"class_list":["post-93996","post","type-post","status-publish","format-standard","has-post-thumbnail","hentry","category-1950-1959","category-efemerides","category-portada","tag-54","tag-ascenso-1954"],"jetpack_publicize_connections":[],"jetpack_featured_media_url":"https:\/\/i0.wp.com\/www.manquepierda.com\/historiarealbetis\/files\/2024\/05\/31-1954-Recibimiento.jpg?fit=788%2C610&ssl=1","jetpack_sharing_enabled":true,"jetpack_shortlink":"https:\/\/wp.me\/p1ij08-os4","jetpack-related-posts":[],"_links":{"self":[{"href":"https:\/\/www.manquepierda.com\/historiarealbetis\/wp-json\/wp\/v2\/posts\/93996","targetHints":{"allow":["GET"]}}],"collection":[{"href":"https:\/\/www.manquepierda.com\/historiarealbetis\/wp-json\/wp\/v2\/posts"}],"about":[{"href":"https:\/\/www.manquepierda.com\/historiarealbetis\/wp-json\/wp\/v2\/types\/post"}],"author":[{"embeddable":true,"href":"https:\/\/www.manquepierda.com\/historiarealbetis\/wp-json\/wp\/v2\/users\/5"}],"replies":[{"embeddable":true,"href":"https:\/\/www.manquepierda.com\/historiarealbetis\/wp-json\/wp\/v2\/comments?post=93996"}],"version-history":[{"count":1,"href":"https:\/\/www.manquepierda.com\/historiarealbetis\/wp-json\/wp\/v2\/posts\/93996\/revisions"}],"predecessor-version":[{"id":93998,"href":"https:\/\/www.manquepierda.com\/historiarealbetis\/wp-json\/wp\/v2\/posts\/93996\/revisions\/93998"}],"wp:featuredmedia":[{"embeddable":true,"href":"https:\/\/www.manquepierda.com\/historiarealbetis\/wp-json\/wp\/v2\/media\/93997"}],"wp:attachment":[{"href":"https:\/\/www.manquepierda.com\/historiarealbetis\/wp-json\/wp\/v2\/media?parent=93996"}],"wp:term":[{"taxonomy":"category","embeddable":true,"href":"https:\/\/www.manquepierda.com\/historiarealbetis\/wp-json\/wp\/v2\/categories?post=93996"},{"taxonomy":"post_tag","embeddable":true,"href":"https:\/\/www.manquepierda.com\/historiarealbetis\/wp-json\/wp\/v2\/tags?post=93996"}],"curies":[{"name":"wp","href":"https:\/\/api.w.org\/{rel}","templated":true}]}}