{"id":9403,"date":"2011-03-16T18:33:43","date_gmt":"2011-03-16T18:33:43","guid":{"rendered":"http:\/\/www.manquepierda.com\/historiarealbetis\/?p=9403"},"modified":"2011-07-08T17:22:04","modified_gmt":"2011-07-08T16:22:04","slug":"del-castillo-ochoa-alfonso","status":"publish","type":"post","link":"https:\/\/www.manquepierda.com\/historiarealbetis\/del-castillo-ochoa-alfonso\/","title":{"rendered":"Alfonso Del Castillo Ochoa, presidente"},"content":{"rendered":"<p style=\"text-align: left\"><a href=\"https:\/\/i0.wp.com\/www.manquepierda.com\/historiarealbetis\/files\/2011\/03\/Foto-carne-abueloAlfonso.jpg?ssl=1\"><img data-recalc-dims=\"1\" loading=\"lazy\" decoding=\"async\" class=\"aligncenter size-full wp-image-9404\" src=\"https:\/\/i0.wp.com\/www.manquepierda.com\/historiarealbetis\/files\/2011\/03\/Foto-carne-abueloAlfonso.jpg?resize=559%2C833&#038;ssl=1\" alt=\"\" width=\"559\" height=\"833\" srcset=\"https:\/\/i0.wp.com\/www.manquepierda.com\/historiarealbetis\/files\/2011\/03\/Foto-carne-abueloAlfonso.jpg?w=559&amp;ssl=1 559w, https:\/\/i0.wp.com\/www.manquepierda.com\/historiarealbetis\/files\/2011\/03\/Foto-carne-abueloAlfonso.jpg?resize=201%2C300&amp;ssl=1 201w\" sizes=\"auto, (max-width: 559px) 100vw, 559px\" \/><\/a>Naci\u00f3 en 1887- Sevilla; Falleci\u00f3 en Cartagena, mi\u00e9rcoles 19-diciembre-1962 (D. E. P.).-Facultativo de Minas.<\/p>\n<p style=\"text-align: center\">Foto gentilmente cedida por su nieto, don Emilio Cerezuela Del Castillo.<\/p>\n<p style=\"text-align: left\">Hijo del Teniente Coronel del Arma de Artiller\u00eda, don Pedro Del Castillo Zuloeta (destinado a\u00f1os m\u00e1s tarde a Cartagena) siendo su domicilio particular en Sevilla en la calle Alfonso XII n\u00ba 29.<\/p>\n<p style=\"text-align: left\">Secretar\u00eda de Sociedad Sevilla Balompi\u00e9 con los hermanos Alfonso y Juan:<\/p>\n<p style=\"text-align: center\"><a href=\"https:\/\/i0.wp.com\/www.manquepierda.com\/historiarealbetis\/files\/2011\/03\/escanear0008.jpg?ssl=1\"><img data-recalc-dims=\"1\" loading=\"lazy\" decoding=\"async\" class=\"aligncenter size-full wp-image-9405\" src=\"https:\/\/i0.wp.com\/www.manquepierda.com\/historiarealbetis\/files\/2011\/03\/escanear0008.jpg?resize=372%2C552&#038;ssl=1\" alt=\"\" width=\"372\" height=\"552\" srcset=\"https:\/\/i0.wp.com\/www.manquepierda.com\/historiarealbetis\/files\/2011\/03\/escanear0008.jpg?w=372&amp;ssl=1 372w, https:\/\/i0.wp.com\/www.manquepierda.com\/historiarealbetis\/files\/2011\/03\/escanear0008.jpg?resize=202%2C300&amp;ssl=1 202w\" sizes=\"auto, (max-width: 372px) 100vw, 372px\" \/><\/a>Calle Alfonso XII N\u00ba 29-en la actualidad con el n\u00ba 31.<\/p>\n<p style=\"text-align: left\">Hubo un tiempo en que se confundi\u00f3 con la de An\u00edbal Gonz\u00e1lez, y habitada por don C\u00e1stor Montoto Vidal, nacido en el Estado de Veracruz-M\u00e9xico, estudiante en los Padres Escolapios y en la Academia Polit\u00e9cnica de Sevilla; jugador y mecenas del Sevilla Balompi\u00e9, copa donada de plata:<\/p>\n<p style=\"text-align: center\"><a href=\"https:\/\/i0.wp.com\/www.manquepierda.com\/historiarealbetis\/files\/2011\/03\/Laureano-Montoto1.Alfonso.27-29.jpg?ssl=1\"><img data-recalc-dims=\"1\" loading=\"lazy\" decoding=\"async\" class=\"aligncenter size-full wp-image-9406\" src=\"https:\/\/i0.wp.com\/www.manquepierda.com\/historiarealbetis\/files\/2011\/03\/Laureano-Montoto1.Alfonso.27-29.jpg?resize=320%2C240&#038;ssl=1\" alt=\"\" width=\"320\" height=\"240\" srcset=\"https:\/\/i0.wp.com\/www.manquepierda.com\/historiarealbetis\/files\/2011\/03\/Laureano-Montoto1.Alfonso.27-29.jpg?w=320&amp;ssl=1 320w, https:\/\/i0.wp.com\/www.manquepierda.com\/historiarealbetis\/files\/2011\/03\/Laureano-Montoto1.Alfonso.27-29.jpg?resize=300%2C225&amp;ssl=1 300w\" sizes=\"auto, (max-width: 320px) 100vw, 320px\" \/><\/a>Alfonso XII N\u00ba 27 y 29.<\/p>\n<p style=\"text-align: center\">Presidente de Sociedad Sevilla Balompi\u00e9 desde 1907-1910.<\/p>\n<p style=\"text-align: center\"><a href=\"https:\/\/i0.wp.com\/www.manquepierda.com\/historiarealbetis\/files\/2011\/03\/Equipo-del-Abuelo.jpg?ssl=1\"><img data-recalc-dims=\"1\" loading=\"lazy\" decoding=\"async\" class=\"aligncenter size-full wp-image-9407\" src=\"https:\/\/i0.wp.com\/www.manquepierda.com\/historiarealbetis\/files\/2011\/03\/Equipo-del-Abuelo.jpg?resize=542%2C345&#038;ssl=1\" alt=\"\" width=\"542\" height=\"345\" srcset=\"https:\/\/i0.wp.com\/www.manquepierda.com\/historiarealbetis\/files\/2011\/03\/Equipo-del-Abuelo.jpg?w=542&amp;ssl=1 542w, https:\/\/i0.wp.com\/www.manquepierda.com\/historiarealbetis\/files\/2011\/03\/Equipo-del-Abuelo.jpg?resize=300%2C190&amp;ssl=1 300w\" sizes=\"auto, (max-width: 542px) 100vw, 542px\" \/><\/a><\/p>\n<p style=\"text-align: center\">Una de las alineaciones de la Sociedad Sevilla Balompi\u00e9 1907-1910.<\/p>\n<p style=\"text-align: center\">Cedida gentilmente por su nieto don Emilio Cerezuela Del Castillo, abogado.<\/p>\n<p style=\"text-align: center\">\n","protected":false},"excerpt":{"rendered":"<p>Naci\u00f3 en 1887- Sevilla; Falleci\u00f3 en Cartagena, mi\u00e9rcoles 19-diciembre-1962 (D. E. P.).-Facultativo de Minas. Foto gentilmente cedida por su nieto, don Emilio Cerezuela Del Castillo. Hijo del Teniente Coronel del Arma de Artiller\u00eda, don Pedro Del Castillo Zuloeta (destinado a\u00f1os m\u00e1s tarde a Cartagena) siendo su domicilio particular en Sevilla en la calle Alfonso XII&#8230;<\/p>\n","protected":false},"author":48,"featured_media":0,"comment_status":"open","ping_status":"open","sticky":false,"template":"","format":"standard","meta":{"_kad_post_transparent":"","_kad_post_title":"","_kad_post_layout":"","_kad_post_sidebar_id":"","_kad_post_content_style":"","_kad_post_vertical_padding":"","_kad_post_feature":"","_kad_post_feature_position":"","_kad_post_header":false,"_kad_post_footer":false,"_kad_post_classname":"","_jetpack_memberships_contains_paid_content":false,"footnotes":"","jetpack_publicize_message":"","jetpack_publicize_feature_enabled":true,"jetpack_social_post_already_shared":false,"jetpack_social_options":{"image_generator_settings":{"template":"highway","default_image_id":0,"font":"","enabled":false},"version":2}},"categories":[896,891],"tags":[1699],"class_list":["post-9403","post","type-post","status-publish","format-standard","hentry","category-1908-1919","category-directivos-temas","tag-alfonso-del-castillo-ochoa"],"jetpack_publicize_connections":[],"jetpack_featured_media_url":"","jetpack_sharing_enabled":true,"jetpack_shortlink":"https:\/\/wp.me\/p1ij08-2rF","jetpack-related-posts":[],"_links":{"self":[{"href":"https:\/\/www.manquepierda.com\/historiarealbetis\/wp-json\/wp\/v2\/posts\/9403","targetHints":{"allow":["GET"]}}],"collection":[{"href":"https:\/\/www.manquepierda.com\/historiarealbetis\/wp-json\/wp\/v2\/posts"}],"about":[{"href":"https:\/\/www.manquepierda.com\/historiarealbetis\/wp-json\/wp\/v2\/types\/post"}],"author":[{"embeddable":true,"href":"https:\/\/www.manquepierda.com\/historiarealbetis\/wp-json\/wp\/v2\/users\/48"}],"replies":[{"embeddable":true,"href":"https:\/\/www.manquepierda.com\/historiarealbetis\/wp-json\/wp\/v2\/comments?post=9403"}],"version-history":[{"count":0,"href":"https:\/\/www.manquepierda.com\/historiarealbetis\/wp-json\/wp\/v2\/posts\/9403\/revisions"}],"wp:attachment":[{"href":"https:\/\/www.manquepierda.com\/historiarealbetis\/wp-json\/wp\/v2\/media?parent=9403"}],"wp:term":[{"taxonomy":"category","embeddable":true,"href":"https:\/\/www.manquepierda.com\/historiarealbetis\/wp-json\/wp\/v2\/categories?post=9403"},{"taxonomy":"post_tag","embeddable":true,"href":"https:\/\/www.manquepierda.com\/historiarealbetis\/wp-json\/wp\/v2\/tags?post=9403"}],"curies":[{"name":"wp","href":"https:\/\/api.w.org\/{rel}","templated":true}]}}