{"id":94061,"date":"2024-06-04T11:00:00","date_gmt":"2024-06-04T09:00:00","guid":{"rendered":"https:\/\/www.manquepierda.com\/historiarealbetis\/?p=94061"},"modified":"2024-09-01T10:30:04","modified_gmt":"2024-09-01T08:30:04","slug":"el-betis-en-madrid-1963","status":"publish","type":"post","link":"https:\/\/www.manquepierda.com\/historiarealbetis\/el-betis-en-madrid-1963\/","title":{"rendered":"El Betis en Madrid 1963"},"content":{"rendered":"<div class=\"wp-block-image\">\n<figure class=\"aligncenter size-full\"><img data-recalc-dims=\"1\" loading=\"lazy\" decoding=\"async\" width=\"599\" height=\"434\" src=\"https:\/\/i0.wp.com\/www.manquepierda.com\/historiarealbetis\/files\/2024\/05\/El-Betis-en-Madrid-1963-NMP-Marca-13-01-1963.jpg?resize=599%2C434&#038;ssl=1\" alt=\"\" class=\"wp-image-94062\" srcset=\"https:\/\/i0.wp.com\/www.manquepierda.com\/historiarealbetis\/files\/2024\/05\/El-Betis-en-Madrid-1963-NMP-Marca-13-01-1963.jpg?w=599&amp;ssl=1 599w, https:\/\/i0.wp.com\/www.manquepierda.com\/historiarealbetis\/files\/2024\/05\/El-Betis-en-Madrid-1963-NMP-Marca-13-01-1963.jpg?resize=220%2C159&amp;ssl=1 220w\" sizes=\"auto, (max-width: 599px) 100vw, 599px\" \/><\/figure>\n<\/div>\n\n<p>\u00a0<\/p>\n<p>El 13 de enero de 1963 el Betis jug\u00f3 en el Bernab\u00e9u contra el Real Madrid en partido de la jornada 16 del Campeonato de Liga de Primera Divisi\u00f3n.<\/p>\n<p>De esa estancia del equipo b\u00e9tico en Madrid es esta imagen tomada el s\u00e1bado 12 de enero en la puerta del cine Callao, en la Gran V\u00eda, donde acudieron a ver la pel\u00edcula \u00abAtraco a las tres\u00bb, una divertida comedia a cargo de Jos\u00e9 Luis L\u00f3pez V\u00e1zquez y Gracita Morales. El entretenimiento del equipo continu\u00f3 despu\u00e9s en el teatro Alc\u00e1zar, donde vieron \u00abAcademia de baile\u00bb, con Ismael Merlo y \u00c1ngel de Andr\u00e9s como protagonistas.<\/p>\n<p>Fueron 14 los futbolistas b\u00e9ticos desplazados a Madrid, los 11 titulares (Corral, Grau, R\u00edos, Colo, Bosch, Mart\u00ednez, Da Silva, Luis, Ansola, Pallar\u00e9s y Lasa), m\u00e1s tres suplentes (Pep\u00edn, Kuszmann y Mart\u00edn Esperenza) adem\u00e1s del t\u00e9cnico Ernesto Pons.<\/p>\n<p>El equipo b\u00e9tico hab\u00eda entrenado en el Villamar\u00edn la ma\u00f1ana del s\u00e1bado 12 de enero, marcharon despu\u00e9s al aeropuerto donde almorzaron y cogieron el vuelo que les llev\u00f3 a Madrid, aloj\u00e1ndose en el hotel Zurbano, y dedicando la tarde del s\u00e1bado al cine y al teatro.\u00a0 \u00a0\u00a0<\/p>\n\n<div class=\"wp-block-image\">\n<figure class=\"aligncenter size-full\"><img data-recalc-dims=\"1\" loading=\"lazy\" decoding=\"async\" width=\"351\" height=\"500\" src=\"https:\/\/i0.wp.com\/www.manquepierda.com\/historiarealbetis\/files\/2024\/05\/atraco-a-la-tres.jpg?resize=351%2C500&#038;ssl=1\" alt=\"\" class=\"wp-image-94065\" srcset=\"https:\/\/i0.wp.com\/www.manquepierda.com\/historiarealbetis\/files\/2024\/05\/atraco-a-la-tres.jpg?w=351&amp;ssl=1 351w, https:\/\/i0.wp.com\/www.manquepierda.com\/historiarealbetis\/files\/2024\/05\/atraco-a-la-tres.jpg?resize=154%2C220&amp;ssl=1 154w\" sizes=\"auto, (max-width: 351px) 100vw, 351px\" \/><\/figure>\n<\/div>","protected":false},"excerpt":{"rendered":"<p>\u00a0 El 13 de enero de 1963 el Betis jug\u00f3 en el Bernab\u00e9u contra el Real Madrid en partido de la jornada 16 del Campeonato de Liga de Primera Divisi\u00f3n. De esa estancia del equipo b\u00e9tico en Madrid es esta imagen tomada el s\u00e1bado 12 de enero en la puerta del cine Callao, en la&#8230;<\/p>\n","protected":false},"author":5,"featured_media":94065,"comment_status":"open","ping_status":"open","sticky":false,"template":"","format":"standard","meta":{"_kad_post_transparent":"","_kad_post_title":"","_kad_post_layout":"","_kad_post_sidebar_id":"","_kad_post_content_style":"","_kad_post_vertical_padding":"","_kad_post_feature":"","_kad_post_feature_position":"","_kad_post_header":false,"_kad_post_footer":false,"_kad_post_classname":"","_jetpack_memberships_contains_paid_content":false,"footnotes":"","jetpack_publicize_message":"","jetpack_publicize_feature_enabled":true,"jetpack_social_post_already_shared":true,"jetpack_social_options":{"image_generator_settings":{"template":"highway","default_image_id":0,"font":"","enabled":false},"version":2}},"categories":[902,1],"tags":[4280,4281,17839],"class_list":["post-94061","post","type-post","status-publish","format-standard","has-post-thumbnail","hentry","category-1960-1969","category-portada","tag-1962-63","tag-4281","tag-liga-primera-1962-63"],"jetpack_publicize_connections":[],"jetpack_featured_media_url":"https:\/\/i0.wp.com\/www.manquepierda.com\/historiarealbetis\/files\/2024\/05\/atraco-a-la-tres.jpg?fit=351%2C500&ssl=1","jetpack_sharing_enabled":true,"jetpack_shortlink":"https:\/\/wp.me\/p1ij08-ot7","jetpack-related-posts":[],"_links":{"self":[{"href":"https:\/\/www.manquepierda.com\/historiarealbetis\/wp-json\/wp\/v2\/posts\/94061","targetHints":{"allow":["GET"]}}],"collection":[{"href":"https:\/\/www.manquepierda.com\/historiarealbetis\/wp-json\/wp\/v2\/posts"}],"about":[{"href":"https:\/\/www.manquepierda.com\/historiarealbetis\/wp-json\/wp\/v2\/types\/post"}],"author":[{"embeddable":true,"href":"https:\/\/www.manquepierda.com\/historiarealbetis\/wp-json\/wp\/v2\/users\/5"}],"replies":[{"embeddable":true,"href":"https:\/\/www.manquepierda.com\/historiarealbetis\/wp-json\/wp\/v2\/comments?post=94061"}],"version-history":[{"count":3,"href":"https:\/\/www.manquepierda.com\/historiarealbetis\/wp-json\/wp\/v2\/posts\/94061\/revisions"}],"predecessor-version":[{"id":94067,"href":"https:\/\/www.manquepierda.com\/historiarealbetis\/wp-json\/wp\/v2\/posts\/94061\/revisions\/94067"}],"wp:featuredmedia":[{"embeddable":true,"href":"https:\/\/www.manquepierda.com\/historiarealbetis\/wp-json\/wp\/v2\/media\/94065"}],"wp:attachment":[{"href":"https:\/\/www.manquepierda.com\/historiarealbetis\/wp-json\/wp\/v2\/media?parent=94061"}],"wp:term":[{"taxonomy":"category","embeddable":true,"href":"https:\/\/www.manquepierda.com\/historiarealbetis\/wp-json\/wp\/v2\/categories?post=94061"},{"taxonomy":"post_tag","embeddable":true,"href":"https:\/\/www.manquepierda.com\/historiarealbetis\/wp-json\/wp\/v2\/tags?post=94061"}],"curies":[{"name":"wp","href":"https:\/\/api.w.org\/{rel}","templated":true}]}}