{"id":94068,"date":"2024-05-24T11:00:00","date_gmt":"2024-05-24T09:00:00","guid":{"rendered":"https:\/\/www.manquepierda.com\/historiarealbetis\/?p=94068"},"modified":"2024-09-07T11:11:32","modified_gmt":"2024-09-07T09:11:32","slug":"alineacion-real-madrid-betis-liga-1980","status":"publish","type":"post","link":"https:\/\/www.manquepierda.com\/historiarealbetis\/alineacion-real-madrid-betis-liga-1980\/","title":{"rendered":"Alineaci\u00f3n Real Madrid-Betis Liga 1980."},"content":{"rendered":"<div class=\"wp-block-image\">\n<figure class=\"aligncenter size-full\"><img data-recalc-dims=\"1\" loading=\"lazy\" decoding=\"async\" width=\"512\" height=\"392\" src=\"https:\/\/i0.wp.com\/www.manquepierda.com\/historiarealbetis\/files\/2024\/05\/Alineacion-Real-Madrid-Betis-Liga-1980.jpg?resize=512%2C392&#038;ssl=1\" alt=\"\" class=\"wp-image-94069\" srcset=\"https:\/\/i0.wp.com\/www.manquepierda.com\/historiarealbetis\/files\/2024\/05\/Alineacion-Real-Madrid-Betis-Liga-1980.jpg?w=512&amp;ssl=1 512w, https:\/\/i0.wp.com\/www.manquepierda.com\/historiarealbetis\/files\/2024\/05\/Alineacion-Real-Madrid-Betis-Liga-1980.jpg?resize=220%2C168&amp;ssl=1 220w\" sizes=\"auto, (max-width: 512px) 100vw, 512px\" \/><\/figure>\n<\/div>\n\n<p>\u00a0<\/p>\n<p>1 de marzo de 1980 en el Santiago Bernab\u00e9u Real Madrid 1 Betis 1; jornada 23 del Campeonato de Liga de Primera Divisi\u00f3n.<\/p>\n<p>En la imagen arriba Esnaola, Gerardo, Biosca, Peruena, Ortega y Gordillo; abajo Mor\u00e1n, Alabanda, L\u00f3pez, Carde\u00f1osa y Ben\u00edtez.<\/p>\n<p>Sabido, con un gol en propia meta, adelant\u00f3 al Betis en la primera parte, empatando Garc\u00eda Hern\u00e1ndez para los locales en la segunda.\u00a0<\/p>\n<p>Vujadin Boskov entrenaba al Real Madrid y Luis Carriega al Betis.\u00a0<\/p>","protected":false},"excerpt":{"rendered":"<p>\u00a0 1 de marzo de 1980 en el Santiago Bernab\u00e9u Real Madrid 1 Betis 1; jornada 23 del Campeonato de Liga de Primera Divisi\u00f3n. En la imagen arriba Esnaola, Gerardo, Biosca, Peruena, Ortega y Gordillo; abajo Mor\u00e1n, Alabanda, L\u00f3pez, Carde\u00f1osa y Ben\u00edtez. Sabido, con un gol en propia meta, adelant\u00f3 al Betis en la primera&#8230;<\/p>\n","protected":false},"author":5,"featured_media":94069,"comment_status":"open","ping_status":"open","sticky":false,"template":"","format":"standard","meta":{"_kad_post_transparent":"","_kad_post_title":"","_kad_post_layout":"","_kad_post_sidebar_id":"","_kad_post_content_style":"","_kad_post_vertical_padding":"","_kad_post_feature":"","_kad_post_feature_position":"","_kad_post_header":false,"_kad_post_footer":false,"_kad_post_classname":"","_jetpack_memberships_contains_paid_content":false,"footnotes":"","jetpack_publicize_message":"","jetpack_publicize_feature_enabled":true,"jetpack_social_post_already_shared":true,"jetpack_social_options":{"image_generator_settings":{"template":"highway","default_image_id":0,"font":"","enabled":false},"version":2}},"categories":[904,1],"tags":[2641,1093,1422,1120,1157,1469,1446,1462,1178,1302,1155,17978,1305,13362,1164],"class_list":["post-94068","post","type-post","status-publish","format-standard","has-post-thumbnail","hentry","category-1980-1989","category-portada","tag-1979-80","tag-1093","tag-antolin-ortega","tag-antonio-benitez","tag-antonio-biosca","tag-carlos-peruena","tag-enrique-moran","tag-gerardo-castillo","tag-javier-lopez","tag-jose-ramon-esnaola","tag-julio-cardenosa","tag-liga-primera-1979-80","tag-rafael-gordillo","tag-real-madrid-cf","tag-sebastian-alabanda"],"jetpack_publicize_connections":[],"jetpack_featured_media_url":"https:\/\/i0.wp.com\/www.manquepierda.com\/historiarealbetis\/files\/2024\/05\/Alineacion-Real-Madrid-Betis-Liga-1980.jpg?fit=512%2C392&ssl=1","jetpack_sharing_enabled":true,"jetpack_shortlink":"https:\/\/wp.me\/p1ij08-ote","jetpack-related-posts":[],"_links":{"self":[{"href":"https:\/\/www.manquepierda.com\/historiarealbetis\/wp-json\/wp\/v2\/posts\/94068","targetHints":{"allow":["GET"]}}],"collection":[{"href":"https:\/\/www.manquepierda.com\/historiarealbetis\/wp-json\/wp\/v2\/posts"}],"about":[{"href":"https:\/\/www.manquepierda.com\/historiarealbetis\/wp-json\/wp\/v2\/types\/post"}],"author":[{"embeddable":true,"href":"https:\/\/www.manquepierda.com\/historiarealbetis\/wp-json\/wp\/v2\/users\/5"}],"replies":[{"embeddable":true,"href":"https:\/\/www.manquepierda.com\/historiarealbetis\/wp-json\/wp\/v2\/comments?post=94068"}],"version-history":[{"count":3,"href":"https:\/\/www.manquepierda.com\/historiarealbetis\/wp-json\/wp\/v2\/posts\/94068\/revisions"}],"predecessor-version":[{"id":94074,"href":"https:\/\/www.manquepierda.com\/historiarealbetis\/wp-json\/wp\/v2\/posts\/94068\/revisions\/94074"}],"wp:featuredmedia":[{"embeddable":true,"href":"https:\/\/www.manquepierda.com\/historiarealbetis\/wp-json\/wp\/v2\/media\/94069"}],"wp:attachment":[{"href":"https:\/\/www.manquepierda.com\/historiarealbetis\/wp-json\/wp\/v2\/media?parent=94068"}],"wp:term":[{"taxonomy":"category","embeddable":true,"href":"https:\/\/www.manquepierda.com\/historiarealbetis\/wp-json\/wp\/v2\/categories?post=94068"},{"taxonomy":"post_tag","embeddable":true,"href":"https:\/\/www.manquepierda.com\/historiarealbetis\/wp-json\/wp\/v2\/tags?post=94068"}],"curies":[{"name":"wp","href":"https:\/\/api.w.org\/{rel}","templated":true}]}}