{"id":94077,"date":"2024-06-05T13:00:00","date_gmt":"2024-06-05T11:00:00","guid":{"rendered":"https:\/\/www.manquepierda.com\/historiarealbetis\/?p=94077"},"modified":"2025-07-20T15:02:58","modified_gmt":"2025-07-20T13:02:58","slug":"hoy-hace-15-anos-fichaje-de-inaki-goitia","status":"publish","type":"post","link":"https:\/\/www.manquepierda.com\/historiarealbetis\/hoy-hace-15-anos-fichaje-de-inaki-goitia\/","title":{"rendered":"Hoy hace 15 a\u00f1os. Fichaje de I\u00f1aki Goitia."},"content":{"rendered":"<div class=\"wp-block-image\">\n<figure class=\"aligncenter size-full\"><img data-recalc-dims=\"1\" loading=\"lazy\" decoding=\"async\" width=\"451\" height=\"442\" src=\"https:\/\/i0.wp.com\/www.manquepierda.com\/historiarealbetis\/files\/2024\/05\/5-2009-Fichaje-de-Inaki-Goitia.jpg?resize=451%2C442&#038;ssl=1\" alt=\"\" class=\"wp-image-94078\" srcset=\"https:\/\/i0.wp.com\/www.manquepierda.com\/historiarealbetis\/files\/2024\/05\/5-2009-Fichaje-de-Inaki-Goitia.jpg?w=451&amp;ssl=1 451w, https:\/\/i0.wp.com\/www.manquepierda.com\/historiarealbetis\/files\/2024\/05\/5-2009-Fichaje-de-Inaki-Goitia.jpg?resize=220%2C216&amp;ssl=1 220w\" sizes=\"auto, (max-width: 451px) 100vw, 451px\" \/><\/figure>\n<\/div>\n\n<p>\u00a0<\/p>\n<p><span style=\"color: #008000\">El 5 de junio de 2009 el Betis hac\u00eda p\u00fablico el fichaje de I\u00f1aki Gotia, guardameta de 27 a\u00f1os, que quedaba libre en el M\u00e1laga CF y que ten\u00eda ya un preacuerdo con el club verdiblanco desde el mes de abril.<\/span><\/p>\n<p><span style=\"color: #008000\">Goitia firm\u00f3 un contrato con el Betis por las 4 pr\u00f3ximas temporadas. \u00a0<\/span><\/p>","protected":false},"excerpt":{"rendered":"<p>\u00a0 El 5 de junio de 2009 el Betis hac\u00eda p\u00fablico el fichaje de I\u00f1aki Gotia, guardameta de 27 a\u00f1os, que quedaba libre en el M\u00e1laga CF y que ten\u00eda ya un preacuerdo con el club verdiblanco desde el mes de abril. Goitia firm\u00f3 un contrato con el Betis por las 4 pr\u00f3ximas temporadas. \u00a0<\/p>\n","protected":false},"author":5,"featured_media":94078,"comment_status":"open","ping_status":"open","sticky":false,"template":"","format":"standard","meta":{"_kad_post_transparent":"","_kad_post_title":"","_kad_post_layout":"","_kad_post_sidebar_id":"","_kad_post_content_style":"","_kad_post_vertical_padding":"","_kad_post_feature":"","_kad_post_feature_position":"","_kad_post_header":false,"_kad_post_footer":false,"_kad_post_classname":"","_jetpack_memberships_contains_paid_content":false,"footnotes":"","jetpack_publicize_message":"","jetpack_publicize_feature_enabled":true,"jetpack_social_post_already_shared":true,"jetpack_social_options":{"image_generator_settings":{"template":"highway","default_image_id":0,"font":"","enabled":false},"version":2}},"categories":[4823,14583,1],"tags":[8877,3929,3917],"class_list":["post-94077","post","type-post","status-publish","format-standard","has-post-thumbnail","hentry","category-2000-2009","category-efemerides","category-portada","tag-8877","tag-inaki-goitia","tag-malaga-cf"],"jetpack_publicize_connections":[],"jetpack_featured_media_url":"https:\/\/i0.wp.com\/www.manquepierda.com\/historiarealbetis\/files\/2024\/05\/5-2009-Fichaje-de-Inaki-Goitia.jpg?fit=451%2C442&ssl=1","jetpack_sharing_enabled":true,"jetpack_shortlink":"https:\/\/wp.me\/p1ij08-otn","jetpack-related-posts":[],"_links":{"self":[{"href":"https:\/\/www.manquepierda.com\/historiarealbetis\/wp-json\/wp\/v2\/posts\/94077","targetHints":{"allow":["GET"]}}],"collection":[{"href":"https:\/\/www.manquepierda.com\/historiarealbetis\/wp-json\/wp\/v2\/posts"}],"about":[{"href":"https:\/\/www.manquepierda.com\/historiarealbetis\/wp-json\/wp\/v2\/types\/post"}],"author":[{"embeddable":true,"href":"https:\/\/www.manquepierda.com\/historiarealbetis\/wp-json\/wp\/v2\/users\/5"}],"replies":[{"embeddable":true,"href":"https:\/\/www.manquepierda.com\/historiarealbetis\/wp-json\/wp\/v2\/comments?post=94077"}],"version-history":[{"count":1,"href":"https:\/\/www.manquepierda.com\/historiarealbetis\/wp-json\/wp\/v2\/posts\/94077\/revisions"}],"predecessor-version":[{"id":94079,"href":"https:\/\/www.manquepierda.com\/historiarealbetis\/wp-json\/wp\/v2\/posts\/94077\/revisions\/94079"}],"wp:featuredmedia":[{"embeddable":true,"href":"https:\/\/www.manquepierda.com\/historiarealbetis\/wp-json\/wp\/v2\/media\/94078"}],"wp:attachment":[{"href":"https:\/\/www.manquepierda.com\/historiarealbetis\/wp-json\/wp\/v2\/media?parent=94077"}],"wp:term":[{"taxonomy":"category","embeddable":true,"href":"https:\/\/www.manquepierda.com\/historiarealbetis\/wp-json\/wp\/v2\/categories?post=94077"},{"taxonomy":"post_tag","embeddable":true,"href":"https:\/\/www.manquepierda.com\/historiarealbetis\/wp-json\/wp\/v2\/tags?post=94077"}],"curies":[{"name":"wp","href":"https:\/\/api.w.org\/{rel}","templated":true}]}}