{"id":94094,"date":"2024-06-01T13:00:00","date_gmt":"2024-06-01T11:00:00","guid":{"rendered":"https:\/\/www.manquepierda.com\/historiarealbetis\/?p=94094"},"modified":"2024-08-11T17:35:13","modified_gmt":"2024-08-11T15:35:13","slug":"hoy-hace-55-anos-betis-2-burgos-2","status":"publish","type":"post","link":"https:\/\/www.manquepierda.com\/historiarealbetis\/hoy-hace-55-anos-betis-2-burgos-2\/","title":{"rendered":"Hoy hace 55 a\u00f1os. Betis 2 Burgos 2."},"content":{"rendered":"<div class=\"wp-block-image\">\n<figure class=\"aligncenter size-full\"><img data-recalc-dims=\"1\" loading=\"lazy\" decoding=\"async\" width=\"644\" height=\"460\" src=\"https:\/\/i0.wp.com\/www.manquepierda.com\/historiarealbetis\/files\/2024\/05\/1-1969-Betis-2-Burgos-2-.jpg?resize=644%2C460&#038;ssl=1\" alt=\"\" class=\"wp-image-94095\" srcset=\"https:\/\/i0.wp.com\/www.manquepierda.com\/historiarealbetis\/files\/2024\/05\/1-1969-Betis-2-Burgos-2-.jpg?w=644&amp;ssl=1 644w, https:\/\/i0.wp.com\/www.manquepierda.com\/historiarealbetis\/files\/2024\/05\/1-1969-Betis-2-Burgos-2-.jpg?resize=220%2C157&amp;ssl=1 220w\" sizes=\"auto, (max-width: 644px) 100vw, 644px\" \/><\/figure>\n<\/div>\n\n<p><span style=\"color: #008000\">El 1 de junio de 1969 en el Villamar\u00edn Betis y Burgos empatan a 2 en partido de la jornada 37 del Campeonato de Liga de Segunda Divisi\u00f3n.<\/span><\/p>\n<p><span style=\"color: #008000\">Alcorta adelant\u00f3 en el minuto 9 al equipo burgal\u00e9s tras una jugada personal. En el 18 empat\u00f3 Quino de penalti, tras una falta realizada sobre el delantero b\u00e9tico; en el 68 un centro de Cristo fue rematado de cabeza por Quino poniendo por delante al Betis, pero en el 84 Olalde empat\u00f3 con un disparo ajustado al poste.<\/span><\/p>\n<p><span style=\"color: #008000\">El Betis port\u00f3 brazalete negro en se\u00f1al de duelo por el fallecimiento del padre de\u00a0 Vicente Montiel.\u00a0<\/span><\/p>\n<p><span style=\"color: #008000\">El Betis, dirigido por Santiago Tejera, aline\u00f3 a Villanova; Grau, Telech\u00eda, Pach\u00f3n; Mellado, Gonz\u00e1lez; Santi, Quinichi, Quino, Rogelio y Cristo.<\/span><\/p>\n<p><span style=\"color: #008000\">El Burgos, entrenado por Anselmo Elizaga, form\u00f3 con Payno; Rib\u00f3n, Zamora, Aramburuzabala; Alcorta, Jos\u00e9 Luis; Iturricha, Olalde, Errandonea, Iriarte y Angel\u00edn.<\/span><\/p>","protected":false},"excerpt":{"rendered":"<p>El 1 de junio de 1969 en el Villamar\u00edn Betis y Burgos empatan a 2 en partido de la jornada 37 del Campeonato de Liga de Segunda Divisi\u00f3n. Alcorta adelant\u00f3 en el minuto 9 al equipo burgal\u00e9s tras una jugada personal. En el 18 empat\u00f3 Quino de penalti, tras una falta realizada sobre el delantero&#8230;<\/p>\n","protected":false},"author":5,"featured_media":94095,"comment_status":"open","ping_status":"open","sticky":false,"template":"","format":"standard","meta":{"_kad_post_transparent":"","_kad_post_title":"","_kad_post_layout":"","_kad_post_sidebar_id":"","_kad_post_content_style":"","_kad_post_vertical_padding":"","_kad_post_feature":"","_kad_post_feature_position":"","_kad_post_header":false,"_kad_post_footer":false,"_kad_post_classname":"","_jetpack_memberships_contains_paid_content":false,"footnotes":"","jetpack_publicize_message":"","jetpack_publicize_feature_enabled":true,"jetpack_social_post_already_shared":true,"jetpack_social_options":{"image_generator_settings":{"template":"highway","default_image_id":0,"font":"","enabled":false},"version":2}},"categories":[902,14583,1],"tags":[4201,5081,17792],"class_list":["post-94094","post","type-post","status-publish","format-standard","has-post-thumbnail","hentry","category-1960-1969","category-efemerides","category-portada","tag-4201","tag-burgos-cf","tag-liga-segunda-1968-69"],"jetpack_publicize_connections":[],"jetpack_featured_media_url":"https:\/\/i0.wp.com\/www.manquepierda.com\/historiarealbetis\/files\/2024\/05\/1-1969-Betis-2-Burgos-2-.jpg?fit=644%2C460&ssl=1","jetpack_sharing_enabled":true,"jetpack_shortlink":"https:\/\/wp.me\/p1ij08-otE","jetpack-related-posts":[],"_links":{"self":[{"href":"https:\/\/www.manquepierda.com\/historiarealbetis\/wp-json\/wp\/v2\/posts\/94094","targetHints":{"allow":["GET"]}}],"collection":[{"href":"https:\/\/www.manquepierda.com\/historiarealbetis\/wp-json\/wp\/v2\/posts"}],"about":[{"href":"https:\/\/www.manquepierda.com\/historiarealbetis\/wp-json\/wp\/v2\/types\/post"}],"author":[{"embeddable":true,"href":"https:\/\/www.manquepierda.com\/historiarealbetis\/wp-json\/wp\/v2\/users\/5"}],"replies":[{"embeddable":true,"href":"https:\/\/www.manquepierda.com\/historiarealbetis\/wp-json\/wp\/v2\/comments?post=94094"}],"version-history":[{"count":2,"href":"https:\/\/www.manquepierda.com\/historiarealbetis\/wp-json\/wp\/v2\/posts\/94094\/revisions"}],"predecessor-version":[{"id":94189,"href":"https:\/\/www.manquepierda.com\/historiarealbetis\/wp-json\/wp\/v2\/posts\/94094\/revisions\/94189"}],"wp:featuredmedia":[{"embeddable":true,"href":"https:\/\/www.manquepierda.com\/historiarealbetis\/wp-json\/wp\/v2\/media\/94095"}],"wp:attachment":[{"href":"https:\/\/www.manquepierda.com\/historiarealbetis\/wp-json\/wp\/v2\/media?parent=94094"}],"wp:term":[{"taxonomy":"category","embeddable":true,"href":"https:\/\/www.manquepierda.com\/historiarealbetis\/wp-json\/wp\/v2\/categories?post=94094"},{"taxonomy":"post_tag","embeddable":true,"href":"https:\/\/www.manquepierda.com\/historiarealbetis\/wp-json\/wp\/v2\/tags?post=94094"}],"curies":[{"name":"wp","href":"https:\/\/api.w.org\/{rel}","templated":true}]}}