{"id":94105,"date":"2024-06-04T13:00:00","date_gmt":"2024-06-04T11:00:00","guid":{"rendered":"https:\/\/www.manquepierda.com\/historiarealbetis\/?p=94105"},"modified":"2024-05-21T17:04:23","modified_gmt":"2024-05-21T15:04:23","slug":"hoy-hace-70-anos-recepcion-municipal-al-betis","status":"publish","type":"post","link":"https:\/\/www.manquepierda.com\/historiarealbetis\/hoy-hace-70-anos-recepcion-municipal-al-betis\/","title":{"rendered":"Hoy hace 70 a\u00f1os. Recepci\u00f3n municipal al Betis."},"content":{"rendered":"<div class=\"wp-block-image\">\n<figure class=\"aligncenter size-large\"><img data-recalc-dims=\"1\" loading=\"lazy\" decoding=\"async\" width=\"960\" height=\"614\" src=\"https:\/\/i0.wp.com\/www.manquepierda.com\/historiarealbetis\/files\/2024\/05\/4-1954-Recepcion-en-el-Ayuntamiento.jpg?resize=960%2C614&#038;ssl=1\" alt=\"\" class=\"wp-image-94106\" srcset=\"https:\/\/i0.wp.com\/www.manquepierda.com\/historiarealbetis\/files\/2024\/05\/4-1954-Recepcion-en-el-Ayuntamiento.jpg?resize=960%2C614&amp;ssl=1 960w, https:\/\/i0.wp.com\/www.manquepierda.com\/historiarealbetis\/files\/2024\/05\/4-1954-Recepcion-en-el-Ayuntamiento.jpg?resize=680%2C435&amp;ssl=1 680w, https:\/\/i0.wp.com\/www.manquepierda.com\/historiarealbetis\/files\/2024\/05\/4-1954-Recepcion-en-el-Ayuntamiento.jpg?resize=220%2C141&amp;ssl=1 220w, https:\/\/i0.wp.com\/www.manquepierda.com\/historiarealbetis\/files\/2024\/05\/4-1954-Recepcion-en-el-Ayuntamiento.jpg?resize=768%2C491&amp;ssl=1 768w, https:\/\/i0.wp.com\/www.manquepierda.com\/historiarealbetis\/files\/2024\/05\/4-1954-Recepcion-en-el-Ayuntamiento.jpg?w=1985&amp;ssl=1 1985w\" sizes=\"auto, (max-width: 960px) 100vw, 960px\" \/><\/figure>\n<\/div>\n\n<p>\u00a0<\/p>\n<p><span style=\"color: #008000\">El 4 de junio de 1954 la directiva y equipo del Real Betis Balompi\u00e9 son recibidos oficialmente en el Ayuntamiento de Sevilla para celebrar el ascenso a la Segunda Divisi\u00f3n conseguido 3 d\u00edas antes.<\/span><\/p>\n<p><span style=\"color: #008000\">El alcalde, Jer\u00f3nimo Dom\u00ednguez, Marqu\u00e9s del Contadero, junto a la Corporaci\u00f3n municipal en pleno asisti\u00f3 al acto, adem\u00e1s de autoridades civiles y militares, federativos y otras personalidades del \u00e1mbito deportivo sevillano.<\/span><\/p>\n<p><span style=\"color: #008000\">El alcalde comenz\u00f3 el acto con las siguientes palabras:<\/span><\/p>\n<p><span style=\"color: #008000\"><em>\u201cPocas veces he sentido la emoci\u00f3n que siento ahora al felicitar al Real Betis Balompi\u00e9 por su merecido triunfo, ya que esta emoci\u00f3n es producida porque hace muchos a\u00f1os tuve la honra de ser presidente del Real Betis Balompi\u00e9 y, claro, aquellas cosas que ocurrieron y que est\u00e1n tan lejos traen a la memoria hechos gloriosos de tiempos en que yo tuve la honra de presidir. Pero no solamente es eso, es la historia toda del Real Betis Balompi\u00e9, que tiene una magn\u00edfica solera, por sus glorias, por su abolengo y por los hombres que dirigieron al Club en las \u00e9pocas buenas y en las \u00e9pocas malas.<\/em><\/span><\/p>\n<p><span style=\"color: #008000\"><em>Como Alcalde de Sevilla, como sevillano y en representaci\u00f3n de la ciudad, yo felicito a la Directiva y a los jugadores por este triunfo que han conseguido.<\/em><\/span><\/p>\n<p><span style=\"color: #008000\"><em>Yo deb\u00eda terminar aqu\u00ed, pero me voy a permitir decir unas cuantas palabras m\u00e1s, precisamente porque deseo que el Betis no se quede en donde est\u00e1. Quiero que llegue a Primera, y estas palabras nacen en la experiencia de mis a\u00f1os en una afici\u00f3n tan grande como es la afici\u00f3n al f\u00fatbol. Yo tengo que decirles a los jugadores del Real Betis que es un orgullo vestir esas camisetas, y que defienden unos colores de un Club y los colores de una ciudad, y que su obligaci\u00f3n es, aunque no sean sevillanos, dar el m\u00e1ximo rendimiento como en esta ocasi\u00f3n han hecho.<\/em><\/span><\/p>\n<p><span style=\"color: #008000\"><em>Sevilla necesita que sus dos Clubs est\u00e9n en Primera, porque la ciudad se lo merece y la historia de los dos Clubs lo merece tambi\u00e9n\u201d.<\/em><\/span><\/p>\n<p><span style=\"color: #008000\">El presidente b\u00e9tico, Manuel Ruiz, agradeci\u00f3 las palabras del alcalde y el homenaje que el Ayuntamiento ofrec\u00eda al club por su ascenso.<\/span><\/p>\n<p><span style=\"color: #008000\">Por \u00faltimo, se ofreci\u00f3 un vino de honor a los campeones.<\/span><\/p>","protected":false},"excerpt":{"rendered":"<p>\u00a0 El 4 de junio de 1954 la directiva y equipo del Real Betis Balompi\u00e9 son recibidos oficialmente en el Ayuntamiento de Sevilla para celebrar el ascenso a la Segunda Divisi\u00f3n conseguido 3 d\u00edas antes. El alcalde, Jer\u00f3nimo Dom\u00ednguez, Marqu\u00e9s del Contadero, junto a la Corporaci\u00f3n municipal en pleno asisti\u00f3 al acto, adem\u00e1s de autoridades&#8230;<\/p>\n","protected":false},"author":5,"featured_media":94106,"comment_status":"open","ping_status":"open","sticky":false,"template":"","format":"standard","meta":{"_kad_post_transparent":"","_kad_post_title":"","_kad_post_layout":"","_kad_post_sidebar_id":"","_kad_post_content_style":"","_kad_post_vertical_padding":"","_kad_post_feature":"","_kad_post_feature_position":"","_kad_post_header":false,"_kad_post_footer":false,"_kad_post_classname":"","_jetpack_memberships_contains_paid_content":false,"footnotes":"","jetpack_publicize_message":"","jetpack_publicize_feature_enabled":true,"jetpack_social_post_already_shared":true,"jetpack_social_options":{"image_generator_settings":{"template":"highway","default_image_id":0,"font":"","enabled":false},"version":2}},"categories":[901,14583,1],"tags":[54,12342],"class_list":["post-94105","post","type-post","status-publish","format-standard","has-post-thumbnail","hentry","category-1950-1959","category-efemerides","category-portada","tag-54","tag-recepcion-ayuntamiento-de-sevilla"],"jetpack_publicize_connections":[],"jetpack_featured_media_url":"https:\/\/i0.wp.com\/www.manquepierda.com\/historiarealbetis\/files\/2024\/05\/4-1954-Recepcion-en-el-Ayuntamiento.jpg?fit=1985%2C1270&ssl=1","jetpack_sharing_enabled":true,"jetpack_shortlink":"https:\/\/wp.me\/p1ij08-otP","jetpack-related-posts":[],"_links":{"self":[{"href":"https:\/\/www.manquepierda.com\/historiarealbetis\/wp-json\/wp\/v2\/posts\/94105","targetHints":{"allow":["GET"]}}],"collection":[{"href":"https:\/\/www.manquepierda.com\/historiarealbetis\/wp-json\/wp\/v2\/posts"}],"about":[{"href":"https:\/\/www.manquepierda.com\/historiarealbetis\/wp-json\/wp\/v2\/types\/post"}],"author":[{"embeddable":true,"href":"https:\/\/www.manquepierda.com\/historiarealbetis\/wp-json\/wp\/v2\/users\/5"}],"replies":[{"embeddable":true,"href":"https:\/\/www.manquepierda.com\/historiarealbetis\/wp-json\/wp\/v2\/comments?post=94105"}],"version-history":[{"count":2,"href":"https:\/\/www.manquepierda.com\/historiarealbetis\/wp-json\/wp\/v2\/posts\/94105\/revisions"}],"predecessor-version":[{"id":94109,"href":"https:\/\/www.manquepierda.com\/historiarealbetis\/wp-json\/wp\/v2\/posts\/94105\/revisions\/94109"}],"wp:featuredmedia":[{"embeddable":true,"href":"https:\/\/www.manquepierda.com\/historiarealbetis\/wp-json\/wp\/v2\/media\/94106"}],"wp:attachment":[{"href":"https:\/\/www.manquepierda.com\/historiarealbetis\/wp-json\/wp\/v2\/media?parent=94105"}],"wp:term":[{"taxonomy":"category","embeddable":true,"href":"https:\/\/www.manquepierda.com\/historiarealbetis\/wp-json\/wp\/v2\/categories?post=94105"},{"taxonomy":"post_tag","embeddable":true,"href":"https:\/\/www.manquepierda.com\/historiarealbetis\/wp-json\/wp\/v2\/tags?post=94105"}],"curies":[{"name":"wp","href":"https:\/\/api.w.org\/{rel}","templated":true}]}}