{"id":94117,"date":"2024-06-09T13:00:00","date_gmt":"2024-06-09T11:00:00","guid":{"rendered":"https:\/\/www.manquepierda.com\/historiarealbetis\/?p=94117"},"modified":"2024-05-21T18:53:06","modified_gmt":"2024-05-21T16:53:06","slug":"hoy-hace-40-anos-el-betis-infantil-campeon-de-copa","status":"publish","type":"post","link":"https:\/\/www.manquepierda.com\/historiarealbetis\/hoy-hace-40-anos-el-betis-infantil-campeon-de-copa\/","title":{"rendered":"Hoy hace 40 a\u00f1os. El Betis infantil campe\u00f3n de Copa."},"content":{"rendered":"<div class=\"wp-block-image\">\n<figure class=\"aligncenter size-full\"><img data-recalc-dims=\"1\" loading=\"lazy\" decoding=\"async\" width=\"510\" height=\"374\" src=\"https:\/\/i0.wp.com\/www.manquepierda.com\/historiarealbetis\/files\/2024\/05\/9-1984-Equipo-infantil-campeon-de-Copa.jpg?resize=510%2C374&#038;ssl=1\" alt=\"\" class=\"wp-image-94118\" srcset=\"https:\/\/i0.wp.com\/www.manquepierda.com\/historiarealbetis\/files\/2024\/05\/9-1984-Equipo-infantil-campeon-de-Copa.jpg?w=510&amp;ssl=1 510w, https:\/\/i0.wp.com\/www.manquepierda.com\/historiarealbetis\/files\/2024\/05\/9-1984-Equipo-infantil-campeon-de-Copa.jpg?resize=220%2C161&amp;ssl=1 220w\" sizes=\"auto, (max-width: 510px) 100vw, 510px\" \/><\/figure>\n<\/div>\n\n<p>\u00a0<\/p>\n<p><span style=\"color: #008000\">El 9 de junio de 1984 el Betis infantil se proclama campe\u00f3n de Espa\u00f1a de Copa, tras el partido de vuelta de la final que se disputa en el campo municipal de Horta frente al RCD Espanyol.<\/span><\/p>\n<p><span style=\"color: #008000\">El equipo blanquiazul gan\u00f3 1-0, un resultado insuficiente para remontar el 3-0 que tra\u00eda el Betis de la ida jugada en el Villamar\u00edn, y que fueron marcados por Conte, Jos\u00e9 Luis y Justo. \u00a0<\/span><\/p>\n<p><span style=\"color: #008000\">En la ida el Betis, dirigido por Germ\u00e1n Vaya \u201cMani\u201d, aline\u00f3 a Rold\u00e1n; Benjumea, Abel, Miguel \u00c1ngel, Antonio; Juan Pedro, Justo, Monsalvete; Conte, Jos\u00e9 Luis y \u00c1lvarez (Manol\u00edn).<\/span><\/p>\n<p><span style=\"color: #008000\">En la vuelta form\u00f3 con Rold\u00e1n; Benjumea, Abel, Miguel \u00c1ngel, Antonio; Juan Pedro, Justo, Monsalvete (Izquierdo); Conte, Jos\u00e9 Luis y \u00c1lvarez (Algaba).<\/span> \u00a0\u00a0\u00a0<\/p>","protected":false},"excerpt":{"rendered":"<p>\u00a0 El 9 de junio de 1984 el Betis infantil se proclama campe\u00f3n de Espa\u00f1a de Copa, tras el partido de vuelta de la final que se disputa en el campo municipal de Horta frente al RCD Espanyol. El equipo blanquiazul gan\u00f3 1-0, un resultado insuficiente para remontar el 3-0 que tra\u00eda el Betis de&#8230;<\/p>\n","protected":false},"author":5,"featured_media":94118,"comment_status":"open","ping_status":"open","sticky":false,"template":"","format":"standard","meta":{"_kad_post_transparent":"","_kad_post_title":"","_kad_post_layout":"","_kad_post_sidebar_id":"","_kad_post_content_style":"","_kad_post_vertical_padding":"","_kad_post_feature":"","_kad_post_feature_position":"","_kad_post_header":false,"_kad_post_footer":false,"_kad_post_classname":"","_jetpack_memberships_contains_paid_content":false,"footnotes":"","jetpack_publicize_message":"","jetpack_publicize_feature_enabled":true,"jetpack_social_post_already_shared":true,"jetpack_social_options":{"image_generator_settings":{"template":"highway","default_image_id":0,"font":"","enabled":false},"version":2}},"categories":[904,14583,1],"tags":[3115,12383],"class_list":["post-94117","post","type-post","status-publish","format-standard","has-post-thumbnail","hentry","category-1980-1989","category-efemerides","category-portada","tag-3115","tag-betis-infantil"],"jetpack_publicize_connections":[],"jetpack_featured_media_url":"https:\/\/i0.wp.com\/www.manquepierda.com\/historiarealbetis\/files\/2024\/05\/9-1984-Equipo-infantil-campeon-de-Copa.jpg?fit=510%2C374&ssl=1","jetpack_sharing_enabled":true,"jetpack_shortlink":"https:\/\/wp.me\/p1ij08-ou1","jetpack-related-posts":[],"_links":{"self":[{"href":"https:\/\/www.manquepierda.com\/historiarealbetis\/wp-json\/wp\/v2\/posts\/94117","targetHints":{"allow":["GET"]}}],"collection":[{"href":"https:\/\/www.manquepierda.com\/historiarealbetis\/wp-json\/wp\/v2\/posts"}],"about":[{"href":"https:\/\/www.manquepierda.com\/historiarealbetis\/wp-json\/wp\/v2\/types\/post"}],"author":[{"embeddable":true,"href":"https:\/\/www.manquepierda.com\/historiarealbetis\/wp-json\/wp\/v2\/users\/5"}],"replies":[{"embeddable":true,"href":"https:\/\/www.manquepierda.com\/historiarealbetis\/wp-json\/wp\/v2\/comments?post=94117"}],"version-history":[{"count":1,"href":"https:\/\/www.manquepierda.com\/historiarealbetis\/wp-json\/wp\/v2\/posts\/94117\/revisions"}],"predecessor-version":[{"id":94119,"href":"https:\/\/www.manquepierda.com\/historiarealbetis\/wp-json\/wp\/v2\/posts\/94117\/revisions\/94119"}],"wp:featuredmedia":[{"embeddable":true,"href":"https:\/\/www.manquepierda.com\/historiarealbetis\/wp-json\/wp\/v2\/media\/94118"}],"wp:attachment":[{"href":"https:\/\/www.manquepierda.com\/historiarealbetis\/wp-json\/wp\/v2\/media?parent=94117"}],"wp:term":[{"taxonomy":"category","embeddable":true,"href":"https:\/\/www.manquepierda.com\/historiarealbetis\/wp-json\/wp\/v2\/categories?post=94117"},{"taxonomy":"post_tag","embeddable":true,"href":"https:\/\/www.manquepierda.com\/historiarealbetis\/wp-json\/wp\/v2\/tags?post=94117"}],"curies":[{"name":"wp","href":"https:\/\/api.w.org\/{rel}","templated":true}]}}