{"id":94230,"date":"2024-06-15T13:00:00","date_gmt":"2024-06-15T11:00:00","guid":{"rendered":"https:\/\/www.manquepierda.com\/historiarealbetis\/?p=94230"},"modified":"2024-06-04T23:45:12","modified_gmt":"2024-06-04T21:45:12","slug":"hoy-hace-35-anos-firma-de-juan-corbacho-para-el-betis-deportivo","status":"publish","type":"post","link":"https:\/\/www.manquepierda.com\/historiarealbetis\/hoy-hace-35-anos-firma-de-juan-corbacho-para-el-betis-deportivo\/","title":{"rendered":"Hoy hace 35 a\u00f1os. Firma de Juan Corbacho para el Betis Deportivo."},"content":{"rendered":"<div class=\"wp-block-image\">\n<figure class=\"aligncenter size-full is-resized\"><img data-recalc-dims=\"1\" loading=\"lazy\" decoding=\"async\" width=\"148\" height=\"200\" src=\"https:\/\/i0.wp.com\/www.manquepierda.com\/historiarealbetis\/files\/2024\/06\/15-1989-Juan-Corbacho-entrenador-del-Betis-Deportivo.jpg?resize=148%2C200&#038;ssl=1\" alt=\"\" class=\"wp-image-94231\" style=\"width:318px;height:auto\" \/><\/figure>\n<\/div>\n\n<p>\u00a0<\/p>\n<p><span style=\"color: #008000\">El 15 de junio de 1989 firmaba como entrenador del Betis Deportivo para la temporada 1989-90 Juan Corbacho, t\u00e9cnico sevillano de 47 a\u00f1os que llegaba despu\u00e9s de una brillante campa\u00f1a en el CD Utrera, y con el objetivo de devolver al filial verdiblanco a la Segunda Divisi\u00f3n B tras el descenso acaecido en la temporada finalizada.<\/span><\/p>\n<p><span style=\"color: #008000\">Las dif\u00edciles circunstancias de la entidad b\u00e9tica, tras el batacazo del primer equipo en la promoci\u00f3n de permanencia con el CD Tenerife, terminaron llevando a Juan Corbacho a asumir la responsabilidad de dirigir a la primera plantilla en julio de 1989, siendo Julio Carde\u00f1osa quien pasase a ocuparse del filial.<\/span><\/p>","protected":false},"excerpt":{"rendered":"<p>\u00a0 El 15 de junio de 1989 firmaba como entrenador del Betis Deportivo para la temporada 1989-90 Juan Corbacho, t\u00e9cnico sevillano de 47 a\u00f1os que llegaba despu\u00e9s de una brillante campa\u00f1a en el CD Utrera, y con el objetivo de devolver al filial verdiblanco a la Segunda Divisi\u00f3n B tras el descenso acaecido en la&#8230;<\/p>\n","protected":false},"author":5,"featured_media":94231,"comment_status":"open","ping_status":"open","sticky":false,"template":"","format":"standard","meta":{"_kad_post_transparent":"","_kad_post_title":"","_kad_post_layout":"","_kad_post_sidebar_id":"","_kad_post_content_style":"","_kad_post_vertical_padding":"","_kad_post_feature":"","_kad_post_feature_position":"","_kad_post_header":false,"_kad_post_footer":false,"_kad_post_classname":"","_jetpack_memberships_contains_paid_content":false,"footnotes":"","jetpack_publicize_message":"","jetpack_publicize_feature_enabled":true,"jetpack_social_post_already_shared":true,"jetpack_social_options":{"image_generator_settings":{"template":"highway","default_image_id":0,"font":"","enabled":false},"version":2}},"categories":[904,14583,1],"tags":[5648,1151],"class_list":["post-94230","post","type-post","status-publish","format-standard","has-post-thumbnail","hentry","category-1980-1989","category-efemerides","category-portada","tag-5648","tag-juan-corbacho"],"jetpack_publicize_connections":[],"jetpack_featured_media_url":"https:\/\/i0.wp.com\/www.manquepierda.com\/historiarealbetis\/files\/2024\/06\/15-1989-Juan-Corbacho-entrenador-del-Betis-Deportivo.jpg?fit=148%2C200&ssl=1","jetpack_sharing_enabled":true,"jetpack_shortlink":"https:\/\/wp.me\/p1ij08-ovQ","jetpack-related-posts":[],"_links":{"self":[{"href":"https:\/\/www.manquepierda.com\/historiarealbetis\/wp-json\/wp\/v2\/posts\/94230","targetHints":{"allow":["GET"]}}],"collection":[{"href":"https:\/\/www.manquepierda.com\/historiarealbetis\/wp-json\/wp\/v2\/posts"}],"about":[{"href":"https:\/\/www.manquepierda.com\/historiarealbetis\/wp-json\/wp\/v2\/types\/post"}],"author":[{"embeddable":true,"href":"https:\/\/www.manquepierda.com\/historiarealbetis\/wp-json\/wp\/v2\/users\/5"}],"replies":[{"embeddable":true,"href":"https:\/\/www.manquepierda.com\/historiarealbetis\/wp-json\/wp\/v2\/comments?post=94230"}],"version-history":[{"count":3,"href":"https:\/\/www.manquepierda.com\/historiarealbetis\/wp-json\/wp\/v2\/posts\/94230\/revisions"}],"predecessor-version":[{"id":94235,"href":"https:\/\/www.manquepierda.com\/historiarealbetis\/wp-json\/wp\/v2\/posts\/94230\/revisions\/94235"}],"wp:featuredmedia":[{"embeddable":true,"href":"https:\/\/www.manquepierda.com\/historiarealbetis\/wp-json\/wp\/v2\/media\/94231"}],"wp:attachment":[{"href":"https:\/\/www.manquepierda.com\/historiarealbetis\/wp-json\/wp\/v2\/media?parent=94230"}],"wp:term":[{"taxonomy":"category","embeddable":true,"href":"https:\/\/www.manquepierda.com\/historiarealbetis\/wp-json\/wp\/v2\/categories?post=94230"},{"taxonomy":"post_tag","embeddable":true,"href":"https:\/\/www.manquepierda.com\/historiarealbetis\/wp-json\/wp\/v2\/tags?post=94230"}],"curies":[{"name":"wp","href":"https:\/\/api.w.org\/{rel}","templated":true}]}}