{"id":94426,"date":"2024-06-24T11:00:00","date_gmt":"2024-06-24T09:00:00","guid":{"rendered":"https:\/\/www.manquepierda.com\/historiarealbetis\/?p=94426"},"modified":"2024-09-06T22:44:52","modified_gmt":"2024-09-06T20:44:52","slug":"beticos-en-la-seleccion-lisboa-2004","status":"publish","type":"post","link":"https:\/\/www.manquepierda.com\/historiarealbetis\/beticos-en-la-seleccion-lisboa-2004\/","title":{"rendered":"B\u00e9ticos en la selecci\u00f3n. Lisboa 2004."},"content":{"rendered":"<div class=\"wp-block-image\">\n<figure class=\"aligncenter size-full\"><img data-recalc-dims=\"1\" loading=\"lazy\" decoding=\"async\" width=\"584\" height=\"355\" src=\"https:\/\/i0.wp.com\/www.manquepierda.com\/historiarealbetis\/files\/2024\/06\/494.-Portugal-1-Espana-0.jpg?resize=584%2C355&#038;ssl=1\" alt=\"\" class=\"wp-image-94427\" srcset=\"https:\/\/i0.wp.com\/www.manquepierda.com\/historiarealbetis\/files\/2024\/06\/494.-Portugal-1-Espana-0.jpg?w=584&amp;ssl=1 584w, https:\/\/i0.wp.com\/www.manquepierda.com\/historiarealbetis\/files\/2024\/06\/494.-Portugal-1-Espana-0.jpg?resize=220%2C134&amp;ssl=1 220w\" sizes=\"auto, (max-width: 584px) 100vw, 584px\" \/><\/figure>\n<\/div>\n\n<p>\u00a0<\/p>\n<p>20 de junio de 2004 en el Jose Alvalade de Lisboa Portugal 1 Espa\u00f1a 0; primera fase de la Eurocopa 2004 celebrada en Portugal.<\/p>\n<p>En la imagen arriba Juanito (Betis), Casillas (Real Madrid), Helguera (Real Madrid), Albelda (Valencia), Xabi Alonso (Real Sociedad) y Torres (Atl\u00e9tico Madrid); abajo Joaqu\u00edn (Betis), Vicente (Valencia), Ra\u00fal (Real Madrid), Bravo (Real Madrid) y Puyol (Barcelona).<\/p>\n<p>El tanto de Nuno Gomes supuso la eliminaci\u00f3n de la selecci\u00f3n dirigida por I\u00f1aki S\u00e1ez del torneo.<\/p>\n<p>Esta fue la internacionalidad n\u00famero 22 de Joaqu\u00edn, de las 51 que tuvo en total, 42 de ellas perteneciendo al Real Betis Balompi\u00e9. En el caso de Juanito fue su internacionalidad n\u00famero 7 de las 26 que tuvo, todas ellas perteneciendo al Real Betis Balompi\u00e9.\u00a0 \u00a0\u00a0<\/p>","protected":false},"excerpt":{"rendered":"<p>\u00a0 20 de junio de 2004 en el Jose Alvalade de Lisboa Portugal 1 Espa\u00f1a 0; primera fase de la Eurocopa 2004 celebrada en Portugal. En la imagen arriba Juanito (Betis), Casillas (Real Madrid), Helguera (Real Madrid), Albelda (Valencia), Xabi Alonso (Real Sociedad) y Torres (Atl\u00e9tico Madrid); abajo Joaqu\u00edn (Betis), Vicente (Valencia), Ra\u00fal (Real Madrid),&#8230;<\/p>\n","protected":false},"author":5,"featured_media":94427,"comment_status":"open","ping_status":"open","sticky":false,"template":"","format":"standard","meta":{"_kad_post_transparent":"","_kad_post_title":"","_kad_post_layout":"","_kad_post_sidebar_id":"","_kad_post_content_style":"","_kad_post_vertical_padding":"","_kad_post_feature":"","_kad_post_feature_position":"","_kad_post_header":false,"_kad_post_footer":false,"_kad_post_classname":"","_jetpack_memberships_contains_paid_content":false,"footnotes":"","jetpack_publicize_message":"","jetpack_publicize_feature_enabled":true,"jetpack_social_post_already_shared":true,"jetpack_social_options":{"image_generator_settings":{"template":"highway","default_image_id":0,"font":"","enabled":false},"version":2}},"categories":[4823,893,1],"tags":[6014,6013,18285,3912,1367,1586],"class_list":["post-94426","post","type-post","status-publish","format-standard","has-post-thumbnail","hentry","category-2000-2009","category-jugadores-temas","category-portada","tag-2003-04","tag-6013","tag-eurocopa-2004","tag-joaquin-sanchez","tag-juan-gutierrez-juanito","tag-seleccion-espanola"],"jetpack_publicize_connections":[],"jetpack_featured_media_url":"https:\/\/i0.wp.com\/www.manquepierda.com\/historiarealbetis\/files\/2024\/06\/494.-Portugal-1-Espana-0.jpg?fit=584%2C355&ssl=1","jetpack_sharing_enabled":true,"jetpack_shortlink":"https:\/\/wp.me\/p1ij08-oz0","jetpack-related-posts":[],"_links":{"self":[{"href":"https:\/\/www.manquepierda.com\/historiarealbetis\/wp-json\/wp\/v2\/posts\/94426","targetHints":{"allow":["GET"]}}],"collection":[{"href":"https:\/\/www.manquepierda.com\/historiarealbetis\/wp-json\/wp\/v2\/posts"}],"about":[{"href":"https:\/\/www.manquepierda.com\/historiarealbetis\/wp-json\/wp\/v2\/types\/post"}],"author":[{"embeddable":true,"href":"https:\/\/www.manquepierda.com\/historiarealbetis\/wp-json\/wp\/v2\/users\/5"}],"replies":[{"embeddable":true,"href":"https:\/\/www.manquepierda.com\/historiarealbetis\/wp-json\/wp\/v2\/comments?post=94426"}],"version-history":[{"count":1,"href":"https:\/\/www.manquepierda.com\/historiarealbetis\/wp-json\/wp\/v2\/posts\/94426\/revisions"}],"predecessor-version":[{"id":94428,"href":"https:\/\/www.manquepierda.com\/historiarealbetis\/wp-json\/wp\/v2\/posts\/94426\/revisions\/94428"}],"wp:featuredmedia":[{"embeddable":true,"href":"https:\/\/www.manquepierda.com\/historiarealbetis\/wp-json\/wp\/v2\/media\/94427"}],"wp:attachment":[{"href":"https:\/\/www.manquepierda.com\/historiarealbetis\/wp-json\/wp\/v2\/media?parent=94426"}],"wp:term":[{"taxonomy":"category","embeddable":true,"href":"https:\/\/www.manquepierda.com\/historiarealbetis\/wp-json\/wp\/v2\/categories?post=94426"},{"taxonomy":"post_tag","embeddable":true,"href":"https:\/\/www.manquepierda.com\/historiarealbetis\/wp-json\/wp\/v2\/tags?post=94426"}],"curies":[{"name":"wp","href":"https:\/\/api.w.org\/{rel}","templated":true}]}}