{"id":94454,"date":"2024-06-22T11:00:00","date_gmt":"2024-06-22T09:00:00","guid":{"rendered":"https:\/\/www.manquepierda.com\/historiarealbetis\/?p=94454"},"modified":"2024-09-30T23:14:32","modified_gmt":"2024-09-30T21:14:32","slug":"celebracion-del-ascenso-en-el-hotel-la-rabida-1958","status":"publish","type":"post","link":"https:\/\/www.manquepierda.com\/historiarealbetis\/celebracion-del-ascenso-en-el-hotel-la-rabida-1958\/","title":{"rendered":"Celebraci\u00f3n del ascenso en el Hotel La R\u00e1bida 1958."},"content":{"rendered":"<div class=\"wp-block-image\">\n<figure class=\"aligncenter size-full\"><img data-recalc-dims=\"1\" loading=\"lazy\" decoding=\"async\" width=\"571\" height=\"426\" src=\"https:\/\/i0.wp.com\/www.manquepierda.com\/historiarealbetis\/files\/2024\/06\/20240616_193805.jpg?resize=571%2C426&#038;ssl=1\" alt=\"\" class=\"wp-image-94455\" srcset=\"https:\/\/i0.wp.com\/www.manquepierda.com\/historiarealbetis\/files\/2024\/06\/20240616_193805.jpg?w=571&amp;ssl=1 571w, https:\/\/i0.wp.com\/www.manquepierda.com\/historiarealbetis\/files\/2024\/06\/20240616_193805.jpg?resize=220%2C164&amp;ssl=1 220w\" sizes=\"auto, (max-width: 571px) 100vw, 571px\" \/><\/figure>\n<\/div>\n\n<p>\u00a0<\/p>\n<p>El 28 de mayo de 1958 se celebr\u00f3 el primero de los numerosos agasajos que la plantilla y directiva b\u00e9ticas recibieron desde que en ese mes de mayo se consigui\u00f3 el ascenso a la Primera Divisi\u00f3n.<\/p>\n<p>Este primer homenaje tuvo lugar en el Hotel La R\u00e1bida, propiedad del directivo Antonio Ruiz Mu\u00f1oz y ubicado en la c\u00e9ntrica calle Castelar.<\/p>\n<p>En el patio del establecimiento, exornado con farolillos verdiblancos e ingeniosos dibujos alusivos al ascenso en sus paredes, se sentaron jugadores, directivos y t\u00e9cnicos del club adem\u00e1s de invitados \u00abde la mejor solera b\u00e9tica\u00bb, como destac\u00f3 la prensa de la \u00e9poca.<\/p>\n<p>El se\u00f1or Ruiz hizo ofrecimiento del homenaje, hablando posteriormente el presidente b\u00e9tico Benito Villamar\u00edn, el entrenador Antonio Barrios, el capit\u00e1n Luis Del Sol, el jugador Fernando Santos, los directivos Fernando Villegas y Jos\u00e9 Contreras, y por \u00faltimo Alberto M\u00e1rquez, quien tuvo especial recuerdo para el ex presidente Manuel Ruiz y de agradecimiento a la prensa y radio.<\/p>\n<p>Finalmente intervino un gaitero que ejecut\u00f3 aires galaicos en honor del presidente b\u00e9tico, cerr\u00e1ndose el acto con intervenciones humor\u00edsticas de los jugadores Portu y Espej\u00edn.\u00a0 \u00a0\u00a0<\/p>\n\n<div class=\"wp-block-image\">\n<figure class=\"aligncenter size-large\"><img data-recalc-dims=\"1\" loading=\"lazy\" decoding=\"async\" width=\"930\" height=\"700\" src=\"https:\/\/i0.wp.com\/www.manquepierda.com\/historiarealbetis\/files\/2024\/06\/59-Anuncios.jpg?resize=930%2C700&#038;ssl=1\" alt=\"\" class=\"wp-image-94456\" srcset=\"https:\/\/i0.wp.com\/www.manquepierda.com\/historiarealbetis\/files\/2024\/06\/59-Anuncios.jpg?resize=930%2C700&amp;ssl=1 930w, https:\/\/i0.wp.com\/www.manquepierda.com\/historiarealbetis\/files\/2024\/06\/59-Anuncios.jpg?resize=680%2C512&amp;ssl=1 680w, https:\/\/i0.wp.com\/www.manquepierda.com\/historiarealbetis\/files\/2024\/06\/59-Anuncios.jpg?resize=220%2C166&amp;ssl=1 220w, https:\/\/i0.wp.com\/www.manquepierda.com\/historiarealbetis\/files\/2024\/06\/59-Anuncios.jpg?resize=768%2C578&amp;ssl=1 768w\" sizes=\"auto, (max-width: 930px) 100vw, 930px\" \/><\/figure>\n<\/div>","protected":false},"excerpt":{"rendered":"<p>\u00a0 El 28 de mayo de 1958 se celebr\u00f3 el primero de los numerosos agasajos que la plantilla y directiva b\u00e9ticas recibieron desde que en ese mes de mayo se consigui\u00f3 el ascenso a la Primera Divisi\u00f3n. Este primer homenaje tuvo lugar en el Hotel La R\u00e1bida, propiedad del directivo Antonio Ruiz Mu\u00f1oz y ubicado&#8230;<\/p>\n","protected":false},"author":5,"featured_media":94455,"comment_status":"open","ping_status":"open","sticky":false,"template":"","format":"standard","meta":{"_kad_post_transparent":"","_kad_post_title":"","_kad_post_layout":"","_kad_post_sidebar_id":"","_kad_post_content_style":"","_kad_post_vertical_padding":"","_kad_post_feature":"","_kad_post_feature_position":"","_kad_post_header":false,"_kad_post_footer":false,"_kad_post_classname":"","_jetpack_memberships_contains_paid_content":false,"footnotes":"","jetpack_publicize_message":"","jetpack_publicize_feature_enabled":true,"jetpack_social_post_already_shared":true,"jetpack_social_options":{"image_generator_settings":{"template":"highway","default_image_id":0,"font":"","enabled":false},"version":2}},"categories":[901,891,1],"tags":[1237,1494,15770],"class_list":["post-94454","post","type-post","status-publish","format-standard","has-post-thumbnail","hentry","category-1950-1959","category-directivos-temas","category-portada","tag-1237","tag-ascenso-1958","tag-hotel-la-rabida"],"jetpack_publicize_connections":[],"jetpack_featured_media_url":"https:\/\/i0.wp.com\/www.manquepierda.com\/historiarealbetis\/files\/2024\/06\/20240616_193805.jpg?fit=571%2C426&ssl=1","jetpack_sharing_enabled":true,"jetpack_shortlink":"https:\/\/wp.me\/p1ij08-ozs","jetpack-related-posts":[],"_links":{"self":[{"href":"https:\/\/www.manquepierda.com\/historiarealbetis\/wp-json\/wp\/v2\/posts\/94454","targetHints":{"allow":["GET"]}}],"collection":[{"href":"https:\/\/www.manquepierda.com\/historiarealbetis\/wp-json\/wp\/v2\/posts"}],"about":[{"href":"https:\/\/www.manquepierda.com\/historiarealbetis\/wp-json\/wp\/v2\/types\/post"}],"author":[{"embeddable":true,"href":"https:\/\/www.manquepierda.com\/historiarealbetis\/wp-json\/wp\/v2\/users\/5"}],"replies":[{"embeddable":true,"href":"https:\/\/www.manquepierda.com\/historiarealbetis\/wp-json\/wp\/v2\/comments?post=94454"}],"version-history":[{"count":2,"href":"https:\/\/www.manquepierda.com\/historiarealbetis\/wp-json\/wp\/v2\/posts\/94454\/revisions"}],"predecessor-version":[{"id":94458,"href":"https:\/\/www.manquepierda.com\/historiarealbetis\/wp-json\/wp\/v2\/posts\/94454\/revisions\/94458"}],"wp:featuredmedia":[{"embeddable":true,"href":"https:\/\/www.manquepierda.com\/historiarealbetis\/wp-json\/wp\/v2\/media\/94455"}],"wp:attachment":[{"href":"https:\/\/www.manquepierda.com\/historiarealbetis\/wp-json\/wp\/v2\/media?parent=94454"}],"wp:term":[{"taxonomy":"category","embeddable":true,"href":"https:\/\/www.manquepierda.com\/historiarealbetis\/wp-json\/wp\/v2\/categories?post=94454"},{"taxonomy":"post_tag","embeddable":true,"href":"https:\/\/www.manquepierda.com\/historiarealbetis\/wp-json\/wp\/v2\/tags?post=94454"}],"curies":[{"name":"wp","href":"https:\/\/api.w.org\/{rel}","templated":true}]}}