{"id":9448,"date":"2011-03-18T14:01:15","date_gmt":"2011-03-18T14:01:15","guid":{"rendered":"http:\/\/www.manquepierda.com\/historiarealbetis\/?p=9448"},"modified":"2024-09-22T19:32:19","modified_gmt":"2024-09-22T17:32:19","slug":"nos-visita-la-ud-salamanca","status":"publish","type":"post","link":"https:\/\/www.manquepierda.com\/historiarealbetis\/nos-visita-la-ud-salamanca\/","title":{"rendered":"Nos visita la UD Salamanca"},"content":{"rendered":"<p><a href=\"https:\/\/i0.wp.com\/www.manquepierda.com\/historiarealbetis\/files\/2011\/03\/UD-Salamanca.jpg?ssl=1\"><img data-recalc-dims=\"1\" loading=\"lazy\" decoding=\"async\" class=\"aligncenter size-full wp-image-9451\" src=\"https:\/\/i0.wp.com\/www.manquepierda.com\/historiarealbetis\/files\/2011\/03\/UD-Salamanca.jpg?resize=640%2C393&#038;ssl=1\" alt=\"\" width=\"640\" height=\"393\" srcset=\"https:\/\/i0.wp.com\/www.manquepierda.com\/historiarealbetis\/files\/2011\/03\/UD-Salamanca.jpg?w=640&amp;ssl=1 640w, https:\/\/i0.wp.com\/www.manquepierda.com\/historiarealbetis\/files\/2011\/03\/UD-Salamanca.jpg?resize=300%2C184&amp;ssl=1 300w\" sizes=\"auto, (max-width: 640px) 100vw, 640px\" \/><\/a><\/p>\n<p>&nbsp;<\/p>\n<p>Este s\u00e1bado a las 18 horas recibiremos en el Villamar\u00edn a la Uni\u00f3n Deportiva Salamanca, club fundado en 1923 y que ha disputado 12 temporadas en Primera Divisi\u00f3n, 34 en Segunda, 7 en Segunda B y 19 en Tercera.<\/p>\n<p>Su primera aparici\u00f3n en terreno b\u00e9tico la hizo el 1 de Febrero de 1942 en partido de la Liguilla de Ascenso a Primera Divisi\u00f3n, y que finaliz\u00f3 con victoria b\u00e9tica por 3 a 1 con tantos de Guillermo, Jap\u00f3n y Besc\u00f3s y Quico por los visitantes.<\/p>\n<p>En total han sido 20 visitas del equipo salmantino, repartidas as\u00ed: 11 partidos en Primera Divisi\u00f3n ( 7 victorias b\u00e9ticas, 3 empate y una de la Uni\u00f3n), 6 en Segunda (5 victorias b\u00e9ticas y 1 empate), 1 en Tercera (victoria b\u00e9tica), 1 de la Liguilla de Ascenso a Primera ( victoria b\u00e9tica) y 1 de Copa (victoria b\u00e9tica). A rese\u00f1ar que uno de los encuentros de Primera Divisi\u00f3n se jug\u00f3 en el campo malague\u00f1o de La Rosaleda (\u00a0 17 de Marzo de 1996 Betis 4 Salamanca 0) por encontrarse suspendido el terreno verdiblanco.<\/p>\n<p>&nbsp;<\/p>\n<p>Jugadores que han militado en ambos conjuntos: Oscar Arp\u00f3n, Carmelo Navarro, Manuel Cervantes, Crist\u00f3bal Mej\u00edas, Yanko Daucick, Carlos Diarte, Francisco Ortiz \u00abFrasco\u00bb, Andr\u00e9s Alonso \u00abIto\u00bb, Salva Sevilla, y Alejandro Zamora.<\/p>\n<p>Entre los entrenadores: Manuel Olivares, Jos\u00e9 Luis Garc\u00eda Traid, Felipe Mesones y Jorge D\u00b4Alessandro.<\/p>\n","protected":false},"excerpt":{"rendered":"<p>&nbsp; Este s\u00e1bado a las 18 horas recibiremos en el Villamar\u00edn a la Uni\u00f3n Deportiva Salamanca, club fundado en 1923 y que ha disputado 12 temporadas en Primera Divisi\u00f3n, 34 en Segunda, 7 en Segunda B y 19 en Tercera. Su primera aparici\u00f3n en terreno b\u00e9tico la hizo el 1 de Febrero de 1942 en&#8230;<\/p>\n","protected":false},"author":5,"featured_media":9451,"comment_status":"open","ping_status":"open","sticky":false,"template":"","format":"standard","meta":{"_kad_post_transparent":"","_kad_post_title":"","_kad_post_layout":"","_kad_post_sidebar_id":"","_kad_post_content_style":"","_kad_post_vertical_padding":"","_kad_post_feature":"","_kad_post_feature_position":"","_kad_post_header":false,"_kad_post_footer":false,"_kad_post_classname":"","_jetpack_memberships_contains_paid_content":false,"footnotes":"","jetpack_publicize_message":"","jetpack_publicize_feature_enabled":true,"jetpack_social_post_already_shared":false,"jetpack_social_options":{"image_generator_settings":{"template":"highway","default_image_id":0,"font":"","enabled":false},"version":2}},"categories":[895,1],"tags":[1014,1011,1009,1013,1007,1152,1010,1214,1098,1006,1100,1306,1012,829,1008],"class_list":["post-9448","post","type-post","status-publish","format-standard","has-post-thumbnail","hentry","category-los-rivales","category-portada","tag-alejandro-zamora","tag-andres-alonso-ito","tag-carlos-diarte","tag-carmelo-navarro","tag-cristobal-mejias","tag-felipe-mesones","tag-francisco-ortiz-frasco","tag-jorge-dalessandro","tag-jose-luis-garcia-traid","tag-manuel-cervantes","tag-manuel-olivares","tag-oscar-arpon","tag-salva-sevilla","tag-ud-salamanca","tag-yanko-daucick"],"jetpack_publicize_connections":[],"jetpack_featured_media_url":"https:\/\/i0.wp.com\/www.manquepierda.com\/historiarealbetis\/files\/2011\/03\/UD-Salamanca.jpg?fit=640%2C393&ssl=1","jetpack_sharing_enabled":true,"jetpack_shortlink":"https:\/\/wp.me\/p1ij08-2so","jetpack-related-posts":[],"_links":{"self":[{"href":"https:\/\/www.manquepierda.com\/historiarealbetis\/wp-json\/wp\/v2\/posts\/9448","targetHints":{"allow":["GET"]}}],"collection":[{"href":"https:\/\/www.manquepierda.com\/historiarealbetis\/wp-json\/wp\/v2\/posts"}],"about":[{"href":"https:\/\/www.manquepierda.com\/historiarealbetis\/wp-json\/wp\/v2\/types\/post"}],"author":[{"embeddable":true,"href":"https:\/\/www.manquepierda.com\/historiarealbetis\/wp-json\/wp\/v2\/users\/5"}],"replies":[{"embeddable":true,"href":"https:\/\/www.manquepierda.com\/historiarealbetis\/wp-json\/wp\/v2\/comments?post=9448"}],"version-history":[{"count":1,"href":"https:\/\/www.manquepierda.com\/historiarealbetis\/wp-json\/wp\/v2\/posts\/9448\/revisions"}],"predecessor-version":[{"id":99550,"href":"https:\/\/www.manquepierda.com\/historiarealbetis\/wp-json\/wp\/v2\/posts\/9448\/revisions\/99550"}],"wp:featuredmedia":[{"embeddable":true,"href":"https:\/\/www.manquepierda.com\/historiarealbetis\/wp-json\/wp\/v2\/media\/9451"}],"wp:attachment":[{"href":"https:\/\/www.manquepierda.com\/historiarealbetis\/wp-json\/wp\/v2\/media?parent=9448"}],"wp:term":[{"taxonomy":"category","embeddable":true,"href":"https:\/\/www.manquepierda.com\/historiarealbetis\/wp-json\/wp\/v2\/categories?post=9448"},{"taxonomy":"post_tag","embeddable":true,"href":"https:\/\/www.manquepierda.com\/historiarealbetis\/wp-json\/wp\/v2\/tags?post=9448"}],"curies":[{"name":"wp","href":"https:\/\/api.w.org\/{rel}","templated":true}]}}