{"id":94488,"date":"2024-06-28T11:00:00","date_gmt":"2024-06-28T09:00:00","guid":{"rendered":"https:\/\/www.manquepierda.com\/historiarealbetis\/?p=94488"},"modified":"2024-09-18T07:49:38","modified_gmt":"2024-09-18T05:49:38","slug":"santiago-montoto-y-el-cincuentenario-del-betis-1956","status":"publish","type":"post","link":"https:\/\/www.manquepierda.com\/historiarealbetis\/santiago-montoto-y-el-cincuentenario-del-betis-1956\/","title":{"rendered":"Santiago Montoto y el Cincuentenario del Betis. 1956."},"content":{"rendered":"<div class=\"wp-block-image\">\n<figure class=\"aligncenter size-full\"><img data-recalc-dims=\"1\" loading=\"lazy\" decoding=\"async\" width=\"453\" height=\"534\" src=\"https:\/\/i0.wp.com\/www.manquepierda.com\/historiarealbetis\/files\/2024\/06\/Santiago-Montoto-y-el-Cincuentenario-del-Betis.-1956.jpg?resize=453%2C534&#038;ssl=1\" alt=\"\" class=\"wp-image-94489\" srcset=\"https:\/\/i0.wp.com\/www.manquepierda.com\/historiarealbetis\/files\/2024\/06\/Santiago-Montoto-y-el-Cincuentenario-del-Betis.-1956.jpg?w=453&amp;ssl=1 453w, https:\/\/i0.wp.com\/www.manquepierda.com\/historiarealbetis\/files\/2024\/06\/Santiago-Montoto-y-el-Cincuentenario-del-Betis.-1956.jpg?resize=187%2C220&amp;ssl=1 187w\" sizes=\"auto, (max-width: 453px) 100vw, 453px\" \/><\/figure>\n<\/div>\n\n<p>\u00a0<\/p>\n<p>Seguimos viendo hoy la relaci\u00f3n que existi\u00f3 entre el Real Betis Balompi\u00e9 y el escritor e investigador Santiago Montoto.<\/p>\n<p>En esta ocasi\u00f3n se trata de una carta que el club le remiti\u00f3 el 1 de febrero de 1956 y que dec\u00eda lo siguiente:\u00a0<\/p>\n<p>\u00bb <em>Sr. Don Santiago Montoto de Sedas. SEVILLA.<\/em><\/p>\n<p><em>Muy distinguido Sr. m\u00edo: Por el presente, tengo el honor de comunicarle que, esta Junta, en sesi\u00f3n celebrada el d\u00eda 19 de Octubre \u00faltimo, acord\u00f3 nombrar a usted miembro de la Comisi\u00f3n Preparatoria para la conmemoraci\u00f3n del Cincuentenario de esta Sociedad, en uni\u00f3n de los Sres. Don Gil G\u00f3mez Bajuelo y Don Manuel Sim\u00f3 Mateos.\u00a0<\/em><\/p>\n<p><em>Al trasladarle este acuerdo, he de expresarle la satisfacci\u00f3n que tan justo y acertado nombramiento me produce, testimoni\u00e1ndole con tan grato motivo mi personal afecto y consideraci\u00f3n.<\/em><\/p>\n<p><em>La saludo muy afectuosamente suyo atto. y amigo\u00bb<\/em><\/p>\n<p>La carta viene firmada por el secretario del Real Betis Balompi\u00e9, que en ese momento era Fernando Moya Montesinos.\u00a0 Como podemos leer en la carta fue en octubre de 1955 cuando se comenz\u00f3 a gestar esta comisi\u00f3n preparatoria de los actos del Cincuentenario de la sociedad b\u00e9tica, y ahora en febrero de 1956 se constitu\u00eda con la presencia de ilustres b\u00e9ticos como Santiago Montoto, Gil G\u00f3mez o Manuel Sim\u00f3.<\/p>\n<p>\u00a0<\/p>","protected":false},"excerpt":{"rendered":"<p>\u00a0 Seguimos viendo hoy la relaci\u00f3n que existi\u00f3 entre el Real Betis Balompi\u00e9 y el escritor e investigador Santiago Montoto. En esta ocasi\u00f3n se trata de una carta que el club le remiti\u00f3 el 1 de febrero de 1956 y que dec\u00eda lo siguiente:\u00a0 \u00bb Sr. Don Santiago Montoto de Sedas. SEVILLA. Muy distinguido Sr&#8230;.<\/p>\n","protected":false},"author":5,"featured_media":94489,"comment_status":"open","ping_status":"open","sticky":false,"template":"","format":"standard","meta":{"_kad_post_transparent":"","_kad_post_title":"","_kad_post_layout":"","_kad_post_sidebar_id":"","_kad_post_content_style":"","_kad_post_vertical_padding":"","_kad_post_feature":"","_kad_post_feature_position":"","_kad_post_header":false,"_kad_post_footer":false,"_kad_post_classname":"","_jetpack_memberships_contains_paid_content":false,"footnotes":"","jetpack_publicize_message":"","jetpack_publicize_feature_enabled":true,"jetpack_social_post_already_shared":true,"jetpack_social_options":{"image_generator_settings":{"template":"highway","default_image_id":0,"font":"","enabled":false},"version":2}},"categories":[901,1],"tags":[1239,1716,944,16163],"class_list":["post-94488","post","type-post","status-publish","format-standard","has-post-thumbnail","hentry","category-1950-1959","category-portada","tag-1239","tag-gil-gomez-bajuelo","tag-manuel-simo","tag-santiago-montoto"],"jetpack_publicize_connections":[],"jetpack_featured_media_url":"https:\/\/i0.wp.com\/www.manquepierda.com\/historiarealbetis\/files\/2024\/06\/Santiago-Montoto-y-el-Cincuentenario-del-Betis.-1956.jpg?fit=453%2C534&ssl=1","jetpack_sharing_enabled":true,"jetpack_shortlink":"https:\/\/wp.me\/p1ij08-oA0","jetpack-related-posts":[],"_links":{"self":[{"href":"https:\/\/www.manquepierda.com\/historiarealbetis\/wp-json\/wp\/v2\/posts\/94488","targetHints":{"allow":["GET"]}}],"collection":[{"href":"https:\/\/www.manquepierda.com\/historiarealbetis\/wp-json\/wp\/v2\/posts"}],"about":[{"href":"https:\/\/www.manquepierda.com\/historiarealbetis\/wp-json\/wp\/v2\/types\/post"}],"author":[{"embeddable":true,"href":"https:\/\/www.manquepierda.com\/historiarealbetis\/wp-json\/wp\/v2\/users\/5"}],"replies":[{"embeddable":true,"href":"https:\/\/www.manquepierda.com\/historiarealbetis\/wp-json\/wp\/v2\/comments?post=94488"}],"version-history":[{"count":1,"href":"https:\/\/www.manquepierda.com\/historiarealbetis\/wp-json\/wp\/v2\/posts\/94488\/revisions"}],"predecessor-version":[{"id":94490,"href":"https:\/\/www.manquepierda.com\/historiarealbetis\/wp-json\/wp\/v2\/posts\/94488\/revisions\/94490"}],"wp:featuredmedia":[{"embeddable":true,"href":"https:\/\/www.manquepierda.com\/historiarealbetis\/wp-json\/wp\/v2\/media\/94489"}],"wp:attachment":[{"href":"https:\/\/www.manquepierda.com\/historiarealbetis\/wp-json\/wp\/v2\/media?parent=94488"}],"wp:term":[{"taxonomy":"category","embeddable":true,"href":"https:\/\/www.manquepierda.com\/historiarealbetis\/wp-json\/wp\/v2\/categories?post=94488"},{"taxonomy":"post_tag","embeddable":true,"href":"https:\/\/www.manquepierda.com\/historiarealbetis\/wp-json\/wp\/v2\/tags?post=94488"}],"curies":[{"name":"wp","href":"https:\/\/api.w.org\/{rel}","templated":true}]}}