{"id":94527,"date":"2024-07-06T13:00:00","date_gmt":"2024-07-06T11:00:00","guid":{"rendered":"https:\/\/www.manquepierda.com\/historiarealbetis\/?p=94527"},"modified":"2024-10-18T18:31:57","modified_gmt":"2024-10-18T16:31:57","slug":"hoy-hace-5-anos-comienzan-los-entrenamientos","status":"publish","type":"post","link":"https:\/\/www.manquepierda.com\/historiarealbetis\/hoy-hace-5-anos-comienzan-los-entrenamientos\/","title":{"rendered":"Hoy hace 5 a\u00f1os. Comienzan los entrenamientos en Montecastillo."},"content":{"rendered":"<div class=\"wp-block-image\">\n<figure class=\"aligncenter size-full\"><img data-recalc-dims=\"1\" loading=\"lazy\" decoding=\"async\" width=\"644\" height=\"362\" src=\"https:\/\/i0.wp.com\/www.manquepierda.com\/historiarealbetis\/files\/2024\/06\/6-2019-Comienzan-los-entrenamientos-en-Montecastillo.jpg?resize=644%2C362&#038;ssl=1\" alt=\"\" class=\"wp-image-94528\" srcset=\"https:\/\/i0.wp.com\/www.manquepierda.com\/historiarealbetis\/files\/2024\/06\/6-2019-Comienzan-los-entrenamientos-en-Montecastillo.jpg?w=644&amp;ssl=1 644w, https:\/\/i0.wp.com\/www.manquepierda.com\/historiarealbetis\/files\/2024\/06\/6-2019-Comienzan-los-entrenamientos-en-Montecastillo.jpg?resize=220%2C124&amp;ssl=1 220w\" sizes=\"auto, (max-width: 644px) 100vw, 644px\" \/><\/figure>\n<\/div>\n\n<p>\u00a0<\/p>\n<p><span style=\"color: #008000\">El 6 de julio de 2019 en Montecastillo, a las \u00f3rdenes de Joan Francesc Rub\u00ed, comienzan los entrenamientos de la primera plantilla b\u00e9tica.<\/span><\/p>\n<p><span style=\"color: #008000\">Tras realizar los reconocimientos m\u00e9dicos en la Ciudad Deportiva Luis Del Sol, la plantilla b\u00e9tica se desplaz\u00f3 a la localidad jerezana para dar inicio a la pretemporada 2019-20, en donde estar\u00eda hasta el 16 de julio.<\/span><\/p>\n<p><span style=\"color: #008000\">Los futbolistas que iniciaron esta concentraci\u00f3n fueron los guardametas Joel Robles, Pau L\u00f3pez y Carlos Mar\u00edn; los defensas Francis, Barrag\u00e1n, Emerson, Bartra, Feddal, Sidnei, Edgar y Calder\u00f3n; los centrocampistas Javi Garc\u00eda, Brasanac, Camarasa, Ismael, Abreu, Rodri, Lainez, Inui, Tello, Joaqu\u00edn, Canales, Boudebouz, Robert y Narv\u00e1ez; y los delanteros Ra\u00fal, Juanmi y Loren.<\/span><\/p>\n<p><span style=\"color: #008000\">Faltaban a\u00fan por incorporarse futbolistas que estaban con sus selecciones: Guardado con M\u00e9xico en la Copa Oro, Kaptoum y Mandi en la Copa Africa y Lo Celso en la Copa Am\u00e9rica.<\/span><\/p>","protected":false},"excerpt":{"rendered":"<p>\u00a0 El 6 de julio de 2019 en Montecastillo, a las \u00f3rdenes de Joan Francesc Rub\u00ed, comienzan los entrenamientos de la primera plantilla b\u00e9tica. Tras realizar los reconocimientos m\u00e9dicos en la Ciudad Deportiva Luis Del Sol, la plantilla b\u00e9tica se desplaz\u00f3 a la localidad jerezana para dar inicio a la pretemporada 2019-20, en donde estar\u00eda&#8230;<\/p>\n","protected":false},"author":5,"featured_media":94528,"comment_status":"open","ping_status":"open","sticky":false,"template":"","format":"standard","meta":{"_kad_post_transparent":"","_kad_post_title":"","_kad_post_layout":"","_kad_post_sidebar_id":"","_kad_post_content_style":"","_kad_post_vertical_padding":"","_kad_post_feature":"","_kad_post_feature_position":"","_kad_post_header":false,"_kad_post_footer":false,"_kad_post_classname":"","_jetpack_memberships_contains_paid_content":false,"footnotes":"","jetpack_publicize_message":"","jetpack_publicize_feature_enabled":true,"jetpack_social_post_already_shared":true,"jetpack_social_options":{"image_generator_settings":{"template":"highway","default_image_id":0,"font":"","enabled":false},"version":2}},"categories":[15447,14583,1],"tags":[17669,340,16797],"class_list":["post-94527","post","type-post","status-publish","format-standard","has-post-thumbnail","hentry","category-2010-2019","category-efemerides","category-portada","tag-17669","tag-entrenamientos","tag-montecastillo"],"jetpack_publicize_connections":[],"jetpack_featured_media_url":"https:\/\/i0.wp.com\/www.manquepierda.com\/historiarealbetis\/files\/2024\/06\/6-2019-Comienzan-los-entrenamientos-en-Montecastillo.jpg?fit=644%2C362&ssl=1","jetpack_sharing_enabled":true,"jetpack_shortlink":"https:\/\/wp.me\/p1ij08-oAD","jetpack-related-posts":[],"_links":{"self":[{"href":"https:\/\/www.manquepierda.com\/historiarealbetis\/wp-json\/wp\/v2\/posts\/94527","targetHints":{"allow":["GET"]}}],"collection":[{"href":"https:\/\/www.manquepierda.com\/historiarealbetis\/wp-json\/wp\/v2\/posts"}],"about":[{"href":"https:\/\/www.manquepierda.com\/historiarealbetis\/wp-json\/wp\/v2\/types\/post"}],"author":[{"embeddable":true,"href":"https:\/\/www.manquepierda.com\/historiarealbetis\/wp-json\/wp\/v2\/users\/5"}],"replies":[{"embeddable":true,"href":"https:\/\/www.manquepierda.com\/historiarealbetis\/wp-json\/wp\/v2\/comments?post=94527"}],"version-history":[{"count":2,"href":"https:\/\/www.manquepierda.com\/historiarealbetis\/wp-json\/wp\/v2\/posts\/94527\/revisions"}],"predecessor-version":[{"id":94531,"href":"https:\/\/www.manquepierda.com\/historiarealbetis\/wp-json\/wp\/v2\/posts\/94527\/revisions\/94531"}],"wp:featuredmedia":[{"embeddable":true,"href":"https:\/\/www.manquepierda.com\/historiarealbetis\/wp-json\/wp\/v2\/media\/94528"}],"wp:attachment":[{"href":"https:\/\/www.manquepierda.com\/historiarealbetis\/wp-json\/wp\/v2\/media?parent=94527"}],"wp:term":[{"taxonomy":"category","embeddable":true,"href":"https:\/\/www.manquepierda.com\/historiarealbetis\/wp-json\/wp\/v2\/categories?post=94527"},{"taxonomy":"post_tag","embeddable":true,"href":"https:\/\/www.manquepierda.com\/historiarealbetis\/wp-json\/wp\/v2\/tags?post=94527"}],"curies":[{"name":"wp","href":"https:\/\/api.w.org\/{rel}","templated":true}]}}