{"id":94587,"date":"2024-07-12T13:00:00","date_gmt":"2024-07-12T11:00:00","guid":{"rendered":"https:\/\/www.manquepierda.com\/historiarealbetis\/?p=94587"},"modified":"2024-07-03T08:17:32","modified_gmt":"2024-07-03T06:17:32","slug":"hoy-hace-10-anos-rescision-de-nacho","status":"publish","type":"post","link":"https:\/\/www.manquepierda.com\/historiarealbetis\/hoy-hace-10-anos-rescision-de-nacho\/","title":{"rendered":"Hoy hace 10 a\u00f1os. Rescisi\u00f3n de Nacho."},"content":{"rendered":"<div class=\"wp-block-image\">\n<figure class=\"aligncenter size-full\"><img data-recalc-dims=\"1\" loading=\"lazy\" decoding=\"async\" width=\"645\" height=\"479\" src=\"https:\/\/i0.wp.com\/www.manquepierda.com\/historiarealbetis\/files\/2024\/07\/12-2014-Baja-de-Nacho.jpg?resize=645%2C479&#038;ssl=1\" alt=\"\" class=\"wp-image-94588\" srcset=\"https:\/\/i0.wp.com\/www.manquepierda.com\/historiarealbetis\/files\/2024\/07\/12-2014-Baja-de-Nacho.jpg?w=645&amp;ssl=1 645w, https:\/\/i0.wp.com\/www.manquepierda.com\/historiarealbetis\/files\/2024\/07\/12-2014-Baja-de-Nacho.jpg?resize=220%2C163&amp;ssl=1 220w\" sizes=\"auto, (max-width: 645px) 100vw, 645px\" \/><\/figure>\n<\/div>\n\n<p>\u00a0<\/p>\n<p>\u00a0<\/p>\n<p><span style=\"color: #008000\">El 12 de julio de 2024 rescinde su contrato con el Real Betis Balompi\u00e9 el defensa lateral Ignacio P\u00e9rez \u201cNacho\u201d, quien ten\u00eda contrato en vigor hasta 2015.<\/span><\/p>\n<p><span style=\"color: #008000\">Despu\u00e9s de 5 a\u00f1os en el equipo verdiblanco el futbolista malague\u00f1o dejaba la entidad, en la que fue un fijo en el lateral izquierdo disputando 168 encuentros oficiales.<\/span><\/p>\n<p><span style=\"color: #008000\">Para saber m\u00e1s de su trayectoria b\u00e9tica ver <a href=\"https:\/\/www.manquepierda.com\/historiarealbetis\/ignacio-perez-nacho\/\"><strong>aqu\u00ed.<\/strong><\/a><\/span><\/p>","protected":false},"excerpt":{"rendered":"<p>\u00a0 \u00a0 El 12 de julio de 2024 rescinde su contrato con el Real Betis Balompi\u00e9 el defensa lateral Ignacio P\u00e9rez \u201cNacho\u201d, quien ten\u00eda contrato en vigor hasta 2015. Despu\u00e9s de 5 a\u00f1os en el equipo verdiblanco el futbolista malague\u00f1o dejaba la entidad, en la que fue un fijo en el lateral izquierdo disputando 168&#8230;<\/p>\n","protected":false},"author":5,"featured_media":94588,"comment_status":"open","ping_status":"open","sticky":false,"template":"","format":"standard","meta":{"_kad_post_transparent":"","_kad_post_title":"","_kad_post_layout":"","_kad_post_sidebar_id":"","_kad_post_content_style":"","_kad_post_vertical_padding":"","_kad_post_feature":"","_kad_post_feature_position":"","_kad_post_header":false,"_kad_post_footer":false,"_kad_post_classname":"","_jetpack_memberships_contains_paid_content":false,"footnotes":"","jetpack_publicize_message":"","jetpack_publicize_feature_enabled":true,"jetpack_social_post_already_shared":true,"jetpack_social_options":{"image_generator_settings":{"template":"highway","default_image_id":0,"font":"","enabled":false},"version":2}},"categories":[15447,14583,1],"tags":[16752,1487],"class_list":["post-94587","post","type-post","status-publish","format-standard","has-post-thumbnail","hentry","category-2010-2019","category-efemerides","category-portada","tag-16752","tag-ignacio-perez-nacho"],"jetpack_publicize_connections":[],"jetpack_featured_media_url":"https:\/\/i0.wp.com\/www.manquepierda.com\/historiarealbetis\/files\/2024\/07\/12-2014-Baja-de-Nacho.jpg?fit=645%2C479&ssl=1","jetpack_sharing_enabled":true,"jetpack_shortlink":"https:\/\/wp.me\/p1ij08-oBB","jetpack-related-posts":[],"_links":{"self":[{"href":"https:\/\/www.manquepierda.com\/historiarealbetis\/wp-json\/wp\/v2\/posts\/94587","targetHints":{"allow":["GET"]}}],"collection":[{"href":"https:\/\/www.manquepierda.com\/historiarealbetis\/wp-json\/wp\/v2\/posts"}],"about":[{"href":"https:\/\/www.manquepierda.com\/historiarealbetis\/wp-json\/wp\/v2\/types\/post"}],"author":[{"embeddable":true,"href":"https:\/\/www.manquepierda.com\/historiarealbetis\/wp-json\/wp\/v2\/users\/5"}],"replies":[{"embeddable":true,"href":"https:\/\/www.manquepierda.com\/historiarealbetis\/wp-json\/wp\/v2\/comments?post=94587"}],"version-history":[{"count":1,"href":"https:\/\/www.manquepierda.com\/historiarealbetis\/wp-json\/wp\/v2\/posts\/94587\/revisions"}],"predecessor-version":[{"id":94589,"href":"https:\/\/www.manquepierda.com\/historiarealbetis\/wp-json\/wp\/v2\/posts\/94587\/revisions\/94589"}],"wp:featuredmedia":[{"embeddable":true,"href":"https:\/\/www.manquepierda.com\/historiarealbetis\/wp-json\/wp\/v2\/media\/94588"}],"wp:attachment":[{"href":"https:\/\/www.manquepierda.com\/historiarealbetis\/wp-json\/wp\/v2\/media?parent=94587"}],"wp:term":[{"taxonomy":"category","embeddable":true,"href":"https:\/\/www.manquepierda.com\/historiarealbetis\/wp-json\/wp\/v2\/categories?post=94587"},{"taxonomy":"post_tag","embeddable":true,"href":"https:\/\/www.manquepierda.com\/historiarealbetis\/wp-json\/wp\/v2\/tags?post=94587"}],"curies":[{"name":"wp","href":"https:\/\/api.w.org\/{rel}","templated":true}]}}