{"id":94591,"date":"2024-07-13T13:00:00","date_gmt":"2024-07-13T11:00:00","guid":{"rendered":"https:\/\/www.manquepierda.com\/historiarealbetis\/?p=94591"},"modified":"2024-07-03T08:26:34","modified_gmt":"2024-07-03T06:26:34","slug":"hoy-hace-20-anos-presentacion-de-paolo-castellini","status":"publish","type":"post","link":"https:\/\/www.manquepierda.com\/historiarealbetis\/hoy-hace-20-anos-presentacion-de-paolo-castellini\/","title":{"rendered":"Hoy hace 20 a\u00f1os. Presentaci\u00f3n de Paolo Castellini."},"content":{"rendered":"<div class=\"wp-block-image\">\n<figure class=\"aligncenter size-full\"><img data-recalc-dims=\"1\" loading=\"lazy\" decoding=\"async\" width=\"512\" height=\"469\" src=\"https:\/\/i0.wp.com\/www.manquepierda.com\/historiarealbetis\/files\/2024\/07\/13-2004-Presentacion-de-Paolo-Castellini.jpg?resize=512%2C469&#038;ssl=1\" alt=\"\" class=\"wp-image-94592\" srcset=\"https:\/\/i0.wp.com\/www.manquepierda.com\/historiarealbetis\/files\/2024\/07\/13-2004-Presentacion-de-Paolo-Castellini.jpg?w=512&amp;ssl=1 512w, https:\/\/i0.wp.com\/www.manquepierda.com\/historiarealbetis\/files\/2024\/07\/13-2004-Presentacion-de-Paolo-Castellini.jpg?resize=220%2C202&amp;ssl=1 220w\" sizes=\"auto, (max-width: 512px) 100vw, 512px\" \/><\/figure>\n<\/div>\n\n<p>\u00a0<\/p>\n<p><span style=\"color: #008000\">El 13 de julio de 2004 se presenta como nuevo jugador del Real Betis Balompi\u00e9 el futbolista italiano Paolo Castellini.<\/span><\/p>\n<p><span style=\"color: #008000\">A sus 25 a\u00f1os llegaba este lateral izquierdo procedente del Torino, aunque en la campa\u00f1a anterior jug\u00f3 cedido en el Brescia. El Betis pag\u00f3 2 millones de euros por su traspaso, firmando un contrato por 5 temporadas.<\/span><\/p>","protected":false},"excerpt":{"rendered":"<p>\u00a0 El 13 de julio de 2004 se presenta como nuevo jugador del Real Betis Balompi\u00e9 el futbolista italiano Paolo Castellini. A sus 25 a\u00f1os llegaba este lateral izquierdo procedente del Torino, aunque en la campa\u00f1a anterior jug\u00f3 cedido en el Brescia. El Betis pag\u00f3 2 millones de euros por su traspaso, firmando un contrato&#8230;<\/p>\n","protected":false},"author":5,"featured_media":94592,"comment_status":"open","ping_status":"open","sticky":false,"template":"","format":"standard","meta":{"_kad_post_transparent":"","_kad_post_title":"","_kad_post_layout":"","_kad_post_sidebar_id":"","_kad_post_content_style":"","_kad_post_vertical_padding":"","_kad_post_feature":"","_kad_post_feature_position":"","_kad_post_header":false,"_kad_post_footer":false,"_kad_post_classname":"","_jetpack_memberships_contains_paid_content":false,"footnotes":"","jetpack_publicize_message":"","jetpack_publicize_feature_enabled":true,"jetpack_social_post_already_shared":true,"jetpack_social_options":{"image_generator_settings":{"template":"highway","default_image_id":0,"font":"","enabled":false},"version":2}},"categories":[4823,14583,1],"tags":[6013,7684],"class_list":["post-94591","post","type-post","status-publish","format-standard","has-post-thumbnail","hentry","category-2000-2009","category-efemerides","category-portada","tag-6013","tag-paolo-castellini"],"jetpack_publicize_connections":[],"jetpack_featured_media_url":"https:\/\/i0.wp.com\/www.manquepierda.com\/historiarealbetis\/files\/2024\/07\/13-2004-Presentacion-de-Paolo-Castellini.jpg?fit=512%2C469&ssl=1","jetpack_sharing_enabled":true,"jetpack_shortlink":"https:\/\/wp.me\/p1ij08-oBF","jetpack-related-posts":[],"_links":{"self":[{"href":"https:\/\/www.manquepierda.com\/historiarealbetis\/wp-json\/wp\/v2\/posts\/94591","targetHints":{"allow":["GET"]}}],"collection":[{"href":"https:\/\/www.manquepierda.com\/historiarealbetis\/wp-json\/wp\/v2\/posts"}],"about":[{"href":"https:\/\/www.manquepierda.com\/historiarealbetis\/wp-json\/wp\/v2\/types\/post"}],"author":[{"embeddable":true,"href":"https:\/\/www.manquepierda.com\/historiarealbetis\/wp-json\/wp\/v2\/users\/5"}],"replies":[{"embeddable":true,"href":"https:\/\/www.manquepierda.com\/historiarealbetis\/wp-json\/wp\/v2\/comments?post=94591"}],"version-history":[{"count":2,"href":"https:\/\/www.manquepierda.com\/historiarealbetis\/wp-json\/wp\/v2\/posts\/94591\/revisions"}],"predecessor-version":[{"id":94594,"href":"https:\/\/www.manquepierda.com\/historiarealbetis\/wp-json\/wp\/v2\/posts\/94591\/revisions\/94594"}],"wp:featuredmedia":[{"embeddable":true,"href":"https:\/\/www.manquepierda.com\/historiarealbetis\/wp-json\/wp\/v2\/media\/94592"}],"wp:attachment":[{"href":"https:\/\/www.manquepierda.com\/historiarealbetis\/wp-json\/wp\/v2\/media?parent=94591"}],"wp:term":[{"taxonomy":"category","embeddable":true,"href":"https:\/\/www.manquepierda.com\/historiarealbetis\/wp-json\/wp\/v2\/categories?post=94591"},{"taxonomy":"post_tag","embeddable":true,"href":"https:\/\/www.manquepierda.com\/historiarealbetis\/wp-json\/wp\/v2\/tags?post=94591"}],"curies":[{"name":"wp","href":"https:\/\/api.w.org\/{rel}","templated":true}]}}