{"id":94680,"date":"2024-07-28T13:00:00","date_gmt":"2024-07-28T11:00:00","guid":{"rendered":"https:\/\/www.manquepierda.com\/historiarealbetis\/?p=94680"},"modified":"2024-07-07T16:36:19","modified_gmt":"2024-07-07T14:36:19","slug":"hoy-hace-75-anos-nace-jorge-dalessandro","status":"publish","type":"post","link":"https:\/\/www.manquepierda.com\/historiarealbetis\/hoy-hace-75-anos-nace-jorge-dalessandro\/","title":{"rendered":"Hoy hace 75 a\u00f1os. Nace Jorge D\u00b4Alessandro."},"content":{"rendered":"<div class=\"wp-block-image\">\n<figure class=\"aligncenter size-medium\"><img data-recalc-dims=\"1\" loading=\"lazy\" decoding=\"async\" width=\"680\" height=\"412\" src=\"https:\/\/i0.wp.com\/www.manquepierda.com\/historiarealbetis\/files\/2024\/07\/28-1949-Nace-Jorge-D%C2%B4Alessandro.jpg?resize=680%2C412&#038;ssl=1\" alt=\"\" class=\"wp-image-94681\" srcset=\"https:\/\/i0.wp.com\/www.manquepierda.com\/historiarealbetis\/files\/2024\/07\/28-1949-Nace-Jorge-D%C2%B4Alessandro.jpg?resize=680%2C412&amp;ssl=1 680w, https:\/\/i0.wp.com\/www.manquepierda.com\/historiarealbetis\/files\/2024\/07\/28-1949-Nace-Jorge-D%C2%B4Alessandro.jpg?resize=220%2C133&amp;ssl=1 220w, https:\/\/i0.wp.com\/www.manquepierda.com\/historiarealbetis\/files\/2024\/07\/28-1949-Nace-Jorge-D%C2%B4Alessandro.jpg?resize=768%2C466&amp;ssl=1 768w, https:\/\/i0.wp.com\/www.manquepierda.com\/historiarealbetis\/files\/2024\/07\/28-1949-Nace-Jorge-D%C2%B4Alessandro.jpg?w=960&amp;ssl=1 960w\" sizes=\"auto, (max-width: 680px) 100vw, 680px\" \/><\/figure>\n<\/div>\n\n<p>\u00a0<\/p>\n<p><span style=\"color: #008000\">El 28 de julio de 1949 nace en Buenos Aires (Argentina) Jorge D\u00b4Alessandro, quien fuera entrenador de la primera plantilla del Real Betis en la temporada 1992-93.<\/span><\/p>\n<p><span style=\"color: #008000\">D\u00b4Alessandro dirigi\u00f3 al Betis en 26 partidos de Liga y 6 de Copa, siendo destituido en marzo de 1993 tras una derrota en Palam\u00f3s en la jornada 26, con el equipo a 8 puntos del ascenso a Primera Divisi\u00f3n, que era el objetivo con el que se le contrat\u00f3.<\/span><\/p>","protected":false},"excerpt":{"rendered":"<p>\u00a0 El 28 de julio de 1949 nace en Buenos Aires (Argentina) Jorge D\u00b4Alessandro, quien fuera entrenador de la primera plantilla del Real Betis en la temporada 1992-93. D\u00b4Alessandro dirigi\u00f3 al Betis en 26 partidos de Liga y 6 de Copa, siendo destituido en marzo de 1993 tras una derrota en Palam\u00f3s en la jornada&#8230;<\/p>\n","protected":false},"author":5,"featured_media":94681,"comment_status":"open","ping_status":"open","sticky":false,"template":"","format":"standard","meta":{"_kad_post_transparent":"","_kad_post_title":"","_kad_post_layout":"","_kad_post_sidebar_id":"","_kad_post_content_style":"","_kad_post_vertical_padding":"","_kad_post_feature":"","_kad_post_feature_position":"","_kad_post_header":false,"_kad_post_footer":false,"_kad_post_classname":"","_jetpack_memberships_contains_paid_content":false,"footnotes":"","jetpack_publicize_message":"","jetpack_publicize_feature_enabled":true,"jetpack_social_post_already_shared":true,"jetpack_social_options":{"image_generator_settings":{"template":"highway","default_image_id":0,"font":"","enabled":false},"version":2}},"categories":[900,14583,1],"tags":[1214],"class_list":["post-94680","post","type-post","status-publish","format-standard","has-post-thumbnail","hentry","category-1940-1949","category-efemerides","category-portada","tag-jorge-dalessandro"],"jetpack_publicize_connections":[],"jetpack_featured_media_url":"https:\/\/i0.wp.com\/www.manquepierda.com\/historiarealbetis\/files\/2024\/07\/28-1949-Nace-Jorge-D%C2%B4Alessandro.jpg?fit=960%2C582&ssl=1","jetpack_sharing_enabled":true,"jetpack_shortlink":"https:\/\/wp.me\/p1ij08-oD6","jetpack-related-posts":[],"_links":{"self":[{"href":"https:\/\/www.manquepierda.com\/historiarealbetis\/wp-json\/wp\/v2\/posts\/94680","targetHints":{"allow":["GET"]}}],"collection":[{"href":"https:\/\/www.manquepierda.com\/historiarealbetis\/wp-json\/wp\/v2\/posts"}],"about":[{"href":"https:\/\/www.manquepierda.com\/historiarealbetis\/wp-json\/wp\/v2\/types\/post"}],"author":[{"embeddable":true,"href":"https:\/\/www.manquepierda.com\/historiarealbetis\/wp-json\/wp\/v2\/users\/5"}],"replies":[{"embeddable":true,"href":"https:\/\/www.manquepierda.com\/historiarealbetis\/wp-json\/wp\/v2\/comments?post=94680"}],"version-history":[{"count":1,"href":"https:\/\/www.manquepierda.com\/historiarealbetis\/wp-json\/wp\/v2\/posts\/94680\/revisions"}],"predecessor-version":[{"id":94682,"href":"https:\/\/www.manquepierda.com\/historiarealbetis\/wp-json\/wp\/v2\/posts\/94680\/revisions\/94682"}],"wp:featuredmedia":[{"embeddable":true,"href":"https:\/\/www.manquepierda.com\/historiarealbetis\/wp-json\/wp\/v2\/media\/94681"}],"wp:attachment":[{"href":"https:\/\/www.manquepierda.com\/historiarealbetis\/wp-json\/wp\/v2\/media?parent=94680"}],"wp:term":[{"taxonomy":"category","embeddable":true,"href":"https:\/\/www.manquepierda.com\/historiarealbetis\/wp-json\/wp\/v2\/categories?post=94680"},{"taxonomy":"post_tag","embeddable":true,"href":"https:\/\/www.manquepierda.com\/historiarealbetis\/wp-json\/wp\/v2\/tags?post=94680"}],"curies":[{"name":"wp","href":"https:\/\/api.w.org\/{rel}","templated":true}]}}