{"id":94686,"date":"2024-07-30T13:00:00","date_gmt":"2024-07-30T11:00:00","guid":{"rendered":"https:\/\/www.manquepierda.com\/historiarealbetis\/?p=94686"},"modified":"2024-07-07T16:36:49","modified_gmt":"2024-07-07T14:36:49","slug":"hoy-hace-95-anos-nace-jose-patricio","status":"publish","type":"post","link":"https:\/\/www.manquepierda.com\/historiarealbetis\/hoy-hace-95-anos-nace-jose-patricio\/","title":{"rendered":"Hoy hace 95 a\u00f1os. Nace Jos\u00e9 Patricio."},"content":{"rendered":"<div class=\"wp-block-image\">\n<figure class=\"aligncenter size-full is-resized\"><img data-recalc-dims=\"1\" loading=\"lazy\" decoding=\"async\" width=\"145\" height=\"236\" src=\"https:\/\/i0.wp.com\/www.manquepierda.com\/historiarealbetis\/files\/2024\/07\/30-1929-Nace-Jose-Patricio.jpg?resize=145%2C236&#038;ssl=1\" alt=\"\" class=\"wp-image-94687\" style=\"width:261px;height:auto\" srcset=\"https:\/\/i0.wp.com\/www.manquepierda.com\/historiarealbetis\/files\/2024\/07\/30-1929-Nace-Jose-Patricio.jpg?w=145&amp;ssl=1 145w, https:\/\/i0.wp.com\/www.manquepierda.com\/historiarealbetis\/files\/2024\/07\/30-1929-Nace-Jose-Patricio.jpg?resize=135%2C220&amp;ssl=1 135w\" sizes=\"auto, (max-width: 145px) 100vw, 145px\" \/><\/figure>\n<\/div>\n\n<p>\u00a0<\/p>\n<p><span style=\"color: #008000\">El 30 de julio de 1929 nace en M\u00e1laga Jos\u00e9 Patricio Villarrubia, quien fuera jugador del Real Betis entre los a\u00f1os 1949 y 1951.<\/span><\/p>\n<p><span style=\"color: #008000\">Centrocampista llegado desde la Ol\u00edmpica Jiennense que destac\u00f3 en sus 2 campa\u00f1as en el Betis por su calidad y capacidad de gol.<\/span><\/p>\n<p><span style=\"color: #008000\">Para saber m\u00e1s de su trayectoria b\u00e9tica ver <a href=\"https:\/\/www.manquepierda.com\/historiarealbetis\/jose-patricio\/\"><strong>aqu\u00ed.<\/strong><\/a><\/span><\/p>","protected":false},"excerpt":{"rendered":"<p>\u00a0 El 30 de julio de 1929 nace en M\u00e1laga Jos\u00e9 Patricio Villarrubia, quien fuera jugador del Real Betis entre los a\u00f1os 1949 y 1951. Centrocampista llegado desde la Ol\u00edmpica Jiennense que destac\u00f3 en sus 2 campa\u00f1as en el Betis por su calidad y capacidad de gol. Para saber m\u00e1s de su trayectoria b\u00e9tica ver&#8230;<\/p>\n","protected":false},"author":5,"featured_media":94687,"comment_status":"open","ping_status":"open","sticky":false,"template":"","format":"standard","meta":{"_kad_post_transparent":"","_kad_post_title":"","_kad_post_layout":"","_kad_post_sidebar_id":"","_kad_post_content_style":"","_kad_post_vertical_padding":"","_kad_post_feature":"","_kad_post_feature_position":"","_kad_post_header":false,"_kad_post_footer":false,"_kad_post_classname":"","_jetpack_memberships_contains_paid_content":false,"footnotes":"","jetpack_publicize_message":"","jetpack_publicize_feature_enabled":true,"jetpack_social_post_already_shared":true,"jetpack_social_options":{"image_generator_settings":{"template":"highway","default_image_id":0,"font":"","enabled":false},"version":2}},"categories":[898,14583,1],"tags":[3924],"class_list":["post-94686","post","type-post","status-publish","format-standard","has-post-thumbnail","hentry","category-1920-1929","category-efemerides","category-portada","tag-jose-patricio"],"jetpack_publicize_connections":[],"jetpack_featured_media_url":"https:\/\/i0.wp.com\/www.manquepierda.com\/historiarealbetis\/files\/2024\/07\/30-1929-Nace-Jose-Patricio.jpg?fit=145%2C236&ssl=1","jetpack_sharing_enabled":true,"jetpack_shortlink":"https:\/\/wp.me\/p1ij08-oDc","jetpack-related-posts":[],"_links":{"self":[{"href":"https:\/\/www.manquepierda.com\/historiarealbetis\/wp-json\/wp\/v2\/posts\/94686","targetHints":{"allow":["GET"]}}],"collection":[{"href":"https:\/\/www.manquepierda.com\/historiarealbetis\/wp-json\/wp\/v2\/posts"}],"about":[{"href":"https:\/\/www.manquepierda.com\/historiarealbetis\/wp-json\/wp\/v2\/types\/post"}],"author":[{"embeddable":true,"href":"https:\/\/www.manquepierda.com\/historiarealbetis\/wp-json\/wp\/v2\/users\/5"}],"replies":[{"embeddable":true,"href":"https:\/\/www.manquepierda.com\/historiarealbetis\/wp-json\/wp\/v2\/comments?post=94686"}],"version-history":[{"count":1,"href":"https:\/\/www.manquepierda.com\/historiarealbetis\/wp-json\/wp\/v2\/posts\/94686\/revisions"}],"predecessor-version":[{"id":94688,"href":"https:\/\/www.manquepierda.com\/historiarealbetis\/wp-json\/wp\/v2\/posts\/94686\/revisions\/94688"}],"wp:featuredmedia":[{"embeddable":true,"href":"https:\/\/www.manquepierda.com\/historiarealbetis\/wp-json\/wp\/v2\/media\/94687"}],"wp:attachment":[{"href":"https:\/\/www.manquepierda.com\/historiarealbetis\/wp-json\/wp\/v2\/media?parent=94686"}],"wp:term":[{"taxonomy":"category","embeddable":true,"href":"https:\/\/www.manquepierda.com\/historiarealbetis\/wp-json\/wp\/v2\/categories?post=94686"},{"taxonomy":"post_tag","embeddable":true,"href":"https:\/\/www.manquepierda.com\/historiarealbetis\/wp-json\/wp\/v2\/tags?post=94686"}],"curies":[{"name":"wp","href":"https:\/\/api.w.org\/{rel}","templated":true}]}}