{"id":94778,"date":"2024-07-27T11:00:00","date_gmt":"2024-07-27T09:00:00","guid":{"rendered":"https:\/\/www.manquepierda.com\/historiarealbetis\/?p=94778"},"modified":"2024-09-03T15:54:30","modified_gmt":"2024-09-03T13:54:30","slug":"alineacion-betis-sabadell-liga-1966","status":"publish","type":"post","link":"https:\/\/www.manquepierda.com\/historiarealbetis\/alineacion-betis-sabadell-liga-1966\/","title":{"rendered":"Alineaci\u00f3n Betis-Sabadell Liga 1966"},"content":{"rendered":"<div class=\"wp-block-image\">\n<figure class=\"aligncenter size-full is-resized\"><img data-recalc-dims=\"1\" loading=\"lazy\" decoding=\"async\" width=\"393\" height=\"296\" src=\"https:\/\/i0.wp.com\/www.manquepierda.com\/historiarealbetis\/files\/2024\/07\/Alineacion-Betis-Sabadell-Liga-1966.jpg?resize=393%2C296&#038;ssl=1\" alt=\"\" class=\"wp-image-94779\" style=\"width:469px;height:auto\" srcset=\"https:\/\/i0.wp.com\/www.manquepierda.com\/historiarealbetis\/files\/2024\/07\/Alineacion-Betis-Sabadell-Liga-1966.jpg?w=393&amp;ssl=1 393w, https:\/\/i0.wp.com\/www.manquepierda.com\/historiarealbetis\/files\/2024\/07\/Alineacion-Betis-Sabadell-Liga-1966.jpg?resize=220%2C166&amp;ssl=1 220w\" sizes=\"auto, (max-width: 393px) 100vw, 393px\" \/><\/figure>\n<\/div>\n\n<p>\u00a0<\/p>\n<p>23 de enero de 1966 en el Villamar\u00edn Betis 2 Sabadell 1; jornada 20 del Campeonato de Liga de Primera Divisi\u00f3n.<\/p>\n<p>En la imagen arriba Perea Esteve, Grau, Ant\u00f3n, Aparicio, Azc\u00e1rate y Montaner; abajo Gir\u00f3n, Pallar\u00e9s, Landa, Quino y Rogelio.<\/p>\n<p>Gir\u00f3n y Pallar\u00e9s marcaron para el Betis y Vidal para los visitantes.<\/p>\n<p>Pepe Valera, por sanci\u00f3n de Ernesto Pons, dirigi\u00f3 al Betis y Bernardo P\u00e9rez \u00abPasieguito\u00bb al Sabadell.\u00a0<\/p>","protected":false},"excerpt":{"rendered":"<p>\u00a0 23 de enero de 1966 en el Villamar\u00edn Betis 2 Sabadell 1; jornada 20 del Campeonato de Liga de Primera Divisi\u00f3n. En la imagen arriba Perea Esteve, Grau, Ant\u00f3n, Aparicio, Azc\u00e1rate y Montaner; abajo Gir\u00f3n, Pallar\u00e9s, Landa, Quino y Rogelio. Gir\u00f3n y Pallar\u00e9s marcaron para el Betis y Vidal para los visitantes. Pepe Valera,&#8230;<\/p>\n","protected":false},"author":5,"featured_media":94779,"comment_status":"open","ping_status":"open","sticky":false,"template":"","format":"standard","meta":{"_kad_post_transparent":"","_kad_post_title":"","_kad_post_layout":"","_kad_post_sidebar_id":"","_kad_post_content_style":"","_kad_post_vertical_padding":"","_kad_post_feature":"","_kad_post_feature_position":"","_kad_post_header":false,"_kad_post_footer":false,"_kad_post_classname":"","_jetpack_memberships_contains_paid_content":false,"footnotes":"","jetpack_publicize_message":"","jetpack_publicize_feature_enabled":true,"jetpack_social_post_already_shared":true,"jetpack_social_options":{"image_generator_settings":{"template":"highway","default_image_id":0,"font":"","enabled":false},"version":2}},"categories":[902,1],"tags":[8183,1592,1617,3159,17047,10922,1616,1615,1368,1621,2203,1386,17861,1618,1396],"class_list":["post-94778","post","type-post","status-publish","format-standard","has-post-thumbnail","hentry","category-1960-1969","category-portada","tag-1965-66","tag-1592","tag-antonio-martinez-anton","tag-antonio-pallares","tag-ce-sabadell","tag-fernando-giron","tag-francisco-aparicio","tag-francisco-grau","tag-jesus-maria-landa","tag-joaquin-sierra-quino","tag-jose-maria-garcia-montaner","tag-juan-perea-esteve","tag-liga-primera-1965-66","tag-miguel-azcarate","tag-rogelio-sosa"],"jetpack_publicize_connections":[],"jetpack_featured_media_url":"https:\/\/i0.wp.com\/www.manquepierda.com\/historiarealbetis\/files\/2024\/07\/Alineacion-Betis-Sabadell-Liga-1966.jpg?fit=393%2C296&ssl=1","jetpack_sharing_enabled":true,"jetpack_shortlink":"https:\/\/wp.me\/p1ij08-oEG","jetpack-related-posts":[],"_links":{"self":[{"href":"https:\/\/www.manquepierda.com\/historiarealbetis\/wp-json\/wp\/v2\/posts\/94778","targetHints":{"allow":["GET"]}}],"collection":[{"href":"https:\/\/www.manquepierda.com\/historiarealbetis\/wp-json\/wp\/v2\/posts"}],"about":[{"href":"https:\/\/www.manquepierda.com\/historiarealbetis\/wp-json\/wp\/v2\/types\/post"}],"author":[{"embeddable":true,"href":"https:\/\/www.manquepierda.com\/historiarealbetis\/wp-json\/wp\/v2\/users\/5"}],"replies":[{"embeddable":true,"href":"https:\/\/www.manquepierda.com\/historiarealbetis\/wp-json\/wp\/v2\/comments?post=94778"}],"version-history":[{"count":2,"href":"https:\/\/www.manquepierda.com\/historiarealbetis\/wp-json\/wp\/v2\/posts\/94778\/revisions"}],"predecessor-version":[{"id":94782,"href":"https:\/\/www.manquepierda.com\/historiarealbetis\/wp-json\/wp\/v2\/posts\/94778\/revisions\/94782"}],"wp:featuredmedia":[{"embeddable":true,"href":"https:\/\/www.manquepierda.com\/historiarealbetis\/wp-json\/wp\/v2\/media\/94779"}],"wp:attachment":[{"href":"https:\/\/www.manquepierda.com\/historiarealbetis\/wp-json\/wp\/v2\/media?parent=94778"}],"wp:term":[{"taxonomy":"category","embeddable":true,"href":"https:\/\/www.manquepierda.com\/historiarealbetis\/wp-json\/wp\/v2\/categories?post=94778"},{"taxonomy":"post_tag","embeddable":true,"href":"https:\/\/www.manquepierda.com\/historiarealbetis\/wp-json\/wp\/v2\/tags?post=94778"}],"curies":[{"name":"wp","href":"https:\/\/api.w.org\/{rel}","templated":true}]}}