{"id":94828,"date":"2024-07-25T11:00:00","date_gmt":"2024-07-25T09:00:00","guid":{"rendered":"https:\/\/www.manquepierda.com\/historiarealbetis\/?p=94828"},"modified":"2024-09-08T22:57:14","modified_gmt":"2024-09-08T20:57:14","slug":"relevo-en-la-porteria-1997","status":"publish","type":"post","link":"https:\/\/www.manquepierda.com\/historiarealbetis\/relevo-en-la-porteria-1997\/","title":{"rendered":"Relevo en la porter\u00eda 1997"},"content":{"rendered":"<div class=\"wp-block-image\">\n<figure class=\"aligncenter size-large\"><img data-recalc-dims=\"1\" loading=\"lazy\" decoding=\"async\" width=\"960\" height=\"619\" src=\"https:\/\/i0.wp.com\/www.manquepierda.com\/historiarealbetis\/files\/2024\/07\/Relevo-en-la-porteria-1997-NMP-Diario-16-9-11-1997.jpg?resize=960%2C619&#038;ssl=1\" alt=\"\" class=\"wp-image-94829\" srcset=\"https:\/\/i0.wp.com\/www.manquepierda.com\/historiarealbetis\/files\/2024\/07\/Relevo-en-la-porteria-1997-NMP-Diario-16-9-11-1997-scaled.jpg?resize=960%2C619&amp;ssl=1 960w, https:\/\/i0.wp.com\/www.manquepierda.com\/historiarealbetis\/files\/2024\/07\/Relevo-en-la-porteria-1997-NMP-Diario-16-9-11-1997-scaled.jpg?resize=680%2C438&amp;ssl=1 680w, https:\/\/i0.wp.com\/www.manquepierda.com\/historiarealbetis\/files\/2024\/07\/Relevo-en-la-porteria-1997-NMP-Diario-16-9-11-1997-scaled.jpg?resize=220%2C142&amp;ssl=1 220w, https:\/\/i0.wp.com\/www.manquepierda.com\/historiarealbetis\/files\/2024\/07\/Relevo-en-la-porteria-1997-NMP-Diario-16-9-11-1997-scaled.jpg?resize=768%2C495&amp;ssl=1 768w\" sizes=\"auto, (max-width: 960px) 100vw, 960px\" \/><\/figure>\n<\/div>\n\n<p>\u00a0<\/p>\n<p>El 1 de noviembre de 1997 en el Villamar\u00edn el guardameta b\u00e9tico Toni Prats fue expulsado con roja directa en el minuto 20 por una falta que realiz\u00f3 fuera del \u00e1rea al delantero rojiblanco Vieri en un partido contra el Atl\u00e9tico de Madrid.\u00a0<\/p>\n<p>Joaqu\u00edn Valerio, el guardameta suplente, tuvo que saltar al campo sustituyendo al delantero verdiblanco Oli para as\u00ed cubrir la meta b\u00e9tica.\u00a0<\/p>\n<p>Un partido de sanci\u00f3n fue lo que dictamin\u00f3 el Comit\u00e9 de Competici\u00f3n para Toni Prats, que por lo tanto se perdi\u00f3 el siguiente encuentro del Liga del Betis en El Helm\u00e1ntico frente a la UD Salamanca.\u00a0<\/p>\n<p>Fue Joaqu\u00edn Valerio, a quien vemos en la imagen en un entrenamiento en la Ciudad Deportiva ataviado con pantal\u00f3n largo, una imagen caracter\u00edstica del meta catal\u00e1n, quien ostent\u00f3 la titularidad en la meta b\u00e9tica, mientras que Jos\u00e9 Manuel Pinto, guardameta del filial, estuvo en el banquillo.\u00a0<\/p>","protected":false},"excerpt":{"rendered":"<p>\u00a0 El 1 de noviembre de 1997 en el Villamar\u00edn el guardameta b\u00e9tico Toni Prats fue expulsado con roja directa en el minuto 20 por una falta que realiz\u00f3 fuera del \u00e1rea al delantero rojiblanco Vieri en un partido contra el Atl\u00e9tico de Madrid.\u00a0 Joaqu\u00edn Valerio, el guardameta suplente, tuvo que saltar al campo sustituyendo&#8230;<\/p>\n","protected":false},"author":5,"featured_media":94829,"comment_status":"open","ping_status":"open","sticky":false,"template":"","format":"standard","meta":{"_kad_post_transparent":"","_kad_post_title":"","_kad_post_layout":"","_kad_post_sidebar_id":"","_kad_post_content_style":"","_kad_post_vertical_padding":"","_kad_post_feature":"","_kad_post_feature_position":"","_kad_post_header":false,"_kad_post_footer":false,"_kad_post_classname":"","_jetpack_memberships_contains_paid_content":false,"footnotes":"","jetpack_publicize_message":"","jetpack_publicize_feature_enabled":true,"jetpack_social_post_already_shared":true,"jetpack_social_options":{"image_generator_settings":{"template":"highway","default_image_id":0,"font":"","enabled":false},"version":2}},"categories":[905,893,1],"tags":[1068,4389,1389,1080,17811],"class_list":["post-94828","post","type-post","status-publish","format-standard","has-post-thumbnail","hentry","category-1990-1999","category-jugadores-temas","category-portada","tag-1068","tag-1997-98","tag-joaquin-valerio","tag-jose-manuel-pinto","tag-liga-primera-1997-98"],"jetpack_publicize_connections":[],"jetpack_featured_media_url":"https:\/\/i0.wp.com\/www.manquepierda.com\/historiarealbetis\/files\/2024\/07\/Relevo-en-la-porteria-1997-NMP-Diario-16-9-11-1997-scaled.jpg?fit=2560%2C1651&ssl=1","jetpack_sharing_enabled":true,"jetpack_shortlink":"https:\/\/wp.me\/p1ij08-oFu","jetpack-related-posts":[],"_links":{"self":[{"href":"https:\/\/www.manquepierda.com\/historiarealbetis\/wp-json\/wp\/v2\/posts\/94828","targetHints":{"allow":["GET"]}}],"collection":[{"href":"https:\/\/www.manquepierda.com\/historiarealbetis\/wp-json\/wp\/v2\/posts"}],"about":[{"href":"https:\/\/www.manquepierda.com\/historiarealbetis\/wp-json\/wp\/v2\/types\/post"}],"author":[{"embeddable":true,"href":"https:\/\/www.manquepierda.com\/historiarealbetis\/wp-json\/wp\/v2\/users\/5"}],"replies":[{"embeddable":true,"href":"https:\/\/www.manquepierda.com\/historiarealbetis\/wp-json\/wp\/v2\/comments?post=94828"}],"version-history":[{"count":2,"href":"https:\/\/www.manquepierda.com\/historiarealbetis\/wp-json\/wp\/v2\/posts\/94828\/revisions"}],"predecessor-version":[{"id":94832,"href":"https:\/\/www.manquepierda.com\/historiarealbetis\/wp-json\/wp\/v2\/posts\/94828\/revisions\/94832"}],"wp:featuredmedia":[{"embeddable":true,"href":"https:\/\/www.manquepierda.com\/historiarealbetis\/wp-json\/wp\/v2\/media\/94829"}],"wp:attachment":[{"href":"https:\/\/www.manquepierda.com\/historiarealbetis\/wp-json\/wp\/v2\/media?parent=94828"}],"wp:term":[{"taxonomy":"category","embeddable":true,"href":"https:\/\/www.manquepierda.com\/historiarealbetis\/wp-json\/wp\/v2\/categories?post=94828"},{"taxonomy":"post_tag","embeddable":true,"href":"https:\/\/www.manquepierda.com\/historiarealbetis\/wp-json\/wp\/v2\/tags?post=94828"}],"curies":[{"name":"wp","href":"https:\/\/api.w.org\/{rel}","templated":true}]}}