{"id":94882,"date":"2024-08-04T13:00:00","date_gmt":"2024-08-04T11:00:00","guid":{"rendered":"https:\/\/www.manquepierda.com\/historiarealbetis\/?p=94882"},"modified":"2025-07-20T16:05:00","modified_gmt":"2025-07-20T14:05:00","slug":"hoy-hace-5-anos-traspaso-de-junior-al-barcelona","status":"publish","type":"post","link":"https:\/\/www.manquepierda.com\/historiarealbetis\/hoy-hace-5-anos-traspaso-de-junior-al-barcelona\/","title":{"rendered":"Hoy hace 5 a\u00f1os. Traspaso de Junior al Barcelona."},"content":{"rendered":"<div class=\"wp-block-image\">\n<figure class=\"aligncenter size-full\"><img data-recalc-dims=\"1\" loading=\"lazy\" decoding=\"async\" width=\"644\" height=\"362\" src=\"https:\/\/i0.wp.com\/www.manquepierda.com\/historiarealbetis\/files\/2024\/07\/4-2019-Traspaso-de-Junior-al-Barcelona.jpg?resize=644%2C362&#038;ssl=1\" alt=\"\" class=\"wp-image-94883\" srcset=\"https:\/\/i0.wp.com\/www.manquepierda.com\/historiarealbetis\/files\/2024\/07\/4-2019-Traspaso-de-Junior-al-Barcelona.jpg?w=644&amp;ssl=1 644w, https:\/\/i0.wp.com\/www.manquepierda.com\/historiarealbetis\/files\/2024\/07\/4-2019-Traspaso-de-Junior-al-Barcelona.jpg?resize=220%2C124&amp;ssl=1 220w\" sizes=\"auto, (max-width: 644px) 100vw, 644px\" \/><\/figure>\n<\/div>\n\n<p>\u00a0<\/p>\n<p><span style=\"color: #008000\">El 4 de agosto de 2019 el lateral izquierdo Junio Firpo es traspasado al FC Barcelona a cambio de 18 millones de euros fijos m\u00e1s otros 12 millones en variables.<\/span><\/p>\n<p><span style=\"color: #008000\">Junior, con 23 a\u00f1os, llevaba 2 a\u00f1os en el primer equipo, al que lleg\u00f3 desde el filial verdiblanco, habiendo disputado 43 partidos oficiales y marcado 5 goles.<\/span><\/p>","protected":false},"excerpt":{"rendered":"<p>\u00a0 El 4 de agosto de 2019 el lateral izquierdo Junio Firpo es traspasado al FC Barcelona a cambio de 18 millones de euros fijos m\u00e1s otros 12 millones en variables. Junior, con 23 a\u00f1os, llevaba 2 a\u00f1os en el primer equipo, al que lleg\u00f3 desde el filial verdiblanco, habiendo disputado 43 partidos oficiales y&#8230;<\/p>\n","protected":false},"author":5,"featured_media":94883,"comment_status":"open","ping_status":"open","sticky":false,"template":"","format":"standard","meta":{"_kad_post_transparent":"","_kad_post_title":"","_kad_post_layout":"","_kad_post_sidebar_id":"","_kad_post_content_style":"","_kad_post_vertical_padding":"","_kad_post_feature":"","_kad_post_feature_position":"","_kad_post_header":false,"_kad_post_footer":false,"_kad_post_classname":"","_jetpack_memberships_contains_paid_content":false,"footnotes":"","jetpack_publicize_message":"","jetpack_publicize_feature_enabled":true,"jetpack_social_post_already_shared":true,"jetpack_social_options":{"image_generator_settings":{"template":"highway","default_image_id":0,"font":"","enabled":false},"version":2}},"categories":[15447,14583,1],"tags":[17669,1154,17725],"class_list":["post-94882","post","type-post","status-publish","format-standard","has-post-thumbnail","hentry","category-2010-2019","category-efemerides","category-portada","tag-17669","tag-fc-barcelona","tag-junior-firpo"],"jetpack_publicize_connections":[],"jetpack_featured_media_url":"https:\/\/i0.wp.com\/www.manquepierda.com\/historiarealbetis\/files\/2024\/07\/4-2019-Traspaso-de-Junior-al-Barcelona.jpg?fit=644%2C362&ssl=1","jetpack_sharing_enabled":true,"jetpack_shortlink":"https:\/\/wp.me\/p1ij08-oGm","jetpack-related-posts":[],"_links":{"self":[{"href":"https:\/\/www.manquepierda.com\/historiarealbetis\/wp-json\/wp\/v2\/posts\/94882","targetHints":{"allow":["GET"]}}],"collection":[{"href":"https:\/\/www.manquepierda.com\/historiarealbetis\/wp-json\/wp\/v2\/posts"}],"about":[{"href":"https:\/\/www.manquepierda.com\/historiarealbetis\/wp-json\/wp\/v2\/types\/post"}],"author":[{"embeddable":true,"href":"https:\/\/www.manquepierda.com\/historiarealbetis\/wp-json\/wp\/v2\/users\/5"}],"replies":[{"embeddable":true,"href":"https:\/\/www.manquepierda.com\/historiarealbetis\/wp-json\/wp\/v2\/comments?post=94882"}],"version-history":[{"count":1,"href":"https:\/\/www.manquepierda.com\/historiarealbetis\/wp-json\/wp\/v2\/posts\/94882\/revisions"}],"predecessor-version":[{"id":94884,"href":"https:\/\/www.manquepierda.com\/historiarealbetis\/wp-json\/wp\/v2\/posts\/94882\/revisions\/94884"}],"wp:featuredmedia":[{"embeddable":true,"href":"https:\/\/www.manquepierda.com\/historiarealbetis\/wp-json\/wp\/v2\/media\/94883"}],"wp:attachment":[{"href":"https:\/\/www.manquepierda.com\/historiarealbetis\/wp-json\/wp\/v2\/media?parent=94882"}],"wp:term":[{"taxonomy":"category","embeddable":true,"href":"https:\/\/www.manquepierda.com\/historiarealbetis\/wp-json\/wp\/v2\/categories?post=94882"},{"taxonomy":"post_tag","embeddable":true,"href":"https:\/\/www.manquepierda.com\/historiarealbetis\/wp-json\/wp\/v2\/tags?post=94882"}],"curies":[{"name":"wp","href":"https:\/\/api.w.org\/{rel}","templated":true}]}}