{"id":94885,"date":"2024-08-05T13:00:00","date_gmt":"2024-08-05T11:00:00","guid":{"rendered":"https:\/\/www.manquepierda.com\/historiarealbetis\/?p=94885"},"modified":"2024-07-17T16:10:40","modified_gmt":"2024-07-17T14:10:40","slug":"hoy-hace-30-anos-volendam-1-betis-1","status":"publish","type":"post","link":"https:\/\/www.manquepierda.com\/historiarealbetis\/hoy-hace-30-anos-volendam-1-betis-1\/","title":{"rendered":"Hoy hace 30 a\u00f1os. Volendam 1 Betis 1."},"content":{"rendered":"<div class=\"wp-block-image\">\n<figure class=\"aligncenter size-full is-resized\"><img data-recalc-dims=\"1\" loading=\"lazy\" decoding=\"async\" width=\"592\" height=\"169\" src=\"https:\/\/i0.wp.com\/www.manquepierda.com\/historiarealbetis\/files\/2024\/07\/5-1994-Volendam-1-Betis-1.jpg?resize=592%2C169&#038;ssl=1\" alt=\"\" class=\"wp-image-94886\" style=\"width:648px;height:auto\" srcset=\"https:\/\/i0.wp.com\/www.manquepierda.com\/historiarealbetis\/files\/2024\/07\/5-1994-Volendam-1-Betis-1.jpg?w=592&amp;ssl=1 592w, https:\/\/i0.wp.com\/www.manquepierda.com\/historiarealbetis\/files\/2024\/07\/5-1994-Volendam-1-Betis-1.jpg?resize=220%2C63&amp;ssl=1 220w\" sizes=\"auto, (max-width: 592px) 100vw, 592px\" \/><\/figure>\n<\/div>\n\n<p>\u00a0<\/p>\n<p><span style=\"color: #008000\">El 5 de agosto de 1994 en el Sport Park Volendam y Betis empatan a 1 en partido amistoso de pretemporada.<\/span><\/p>\n<p><span style=\"color: #008000\">M\u00e1rquez en el minuto 60 adelant\u00f3 al Betis, empatando Vukov para los locales en el 89.<\/span><\/p>\n<p><span style=\"color: #008000\">El Volendam, entrenado por Wim Rijsbergen, form\u00f3 con Zoetebier; Den Ompen, Binkem, Kromheer (Schilder), Jongsama (Ferrier); Wasiman, Stewa, Wilson, Vukov; Stefanovic (Bond) y Freitas.<\/span><\/p>\n<p><span style=\"color: #008000\">El Betis, dirigido por Lorenzo Serra, jug\u00f3 con Jaro; Merino, Vidakovic, Ure\u00f1a, Josete; Ca\u00f1as (Gordillo), Alexis, Stosic (75, Kasumov), Soler (M\u00e1rquez); Men\u00e9ndez (Kobelev) y Aquino (Sabas).\u00a0 \u00a0<\/span><\/p>\n<p>\u00a0<\/p>","protected":false},"excerpt":{"rendered":"<p>\u00a0 El 5 de agosto de 1994 en el Sport Park Volendam y Betis empatan a 1 en partido amistoso de pretemporada. M\u00e1rquez en el minuto 60 adelant\u00f3 al Betis, empatando Vukov para los locales en el 89. El Volendam, entrenado por Wim Rijsbergen, form\u00f3 con Zoetebier; Den Ompen, Binkem, Kromheer (Schilder), Jongsama (Ferrier); Wasiman,&#8230;<\/p>\n","protected":false},"author":5,"featured_media":94886,"comment_status":"open","ping_status":"open","sticky":false,"template":"","format":"standard","meta":{"_kad_post_transparent":"","_kad_post_title":"","_kad_post_layout":"","_kad_post_sidebar_id":"","_kad_post_content_style":"","_kad_post_vertical_padding":"","_kad_post_feature":"","_kad_post_feature_position":"","_kad_post_header":false,"_kad_post_footer":false,"_kad_post_classname":"","_jetpack_memberships_contains_paid_content":false,"footnotes":"","jetpack_publicize_message":"","jetpack_publicize_feature_enabled":true,"jetpack_social_post_already_shared":true,"jetpack_social_options":{"image_generator_settings":{"template":"highway","default_image_id":0,"font":"","enabled":false},"version":2}},"categories":[905,14583,1],"tags":[1540,1226],"class_list":["post-94885","post","type-post","status-publish","format-standard","has-post-thumbnail","hentry","category-1990-1999","category-efemerides","category-portada","tag-1540","tag-volendam"],"jetpack_publicize_connections":[],"jetpack_featured_media_url":"https:\/\/i0.wp.com\/www.manquepierda.com\/historiarealbetis\/files\/2024\/07\/5-1994-Volendam-1-Betis-1.jpg?fit=592%2C169&ssl=1","jetpack_sharing_enabled":true,"jetpack_shortlink":"https:\/\/wp.me\/p1ij08-oGp","jetpack-related-posts":[],"_links":{"self":[{"href":"https:\/\/www.manquepierda.com\/historiarealbetis\/wp-json\/wp\/v2\/posts\/94885","targetHints":{"allow":["GET"]}}],"collection":[{"href":"https:\/\/www.manquepierda.com\/historiarealbetis\/wp-json\/wp\/v2\/posts"}],"about":[{"href":"https:\/\/www.manquepierda.com\/historiarealbetis\/wp-json\/wp\/v2\/types\/post"}],"author":[{"embeddable":true,"href":"https:\/\/www.manquepierda.com\/historiarealbetis\/wp-json\/wp\/v2\/users\/5"}],"replies":[{"embeddable":true,"href":"https:\/\/www.manquepierda.com\/historiarealbetis\/wp-json\/wp\/v2\/comments?post=94885"}],"version-history":[{"count":1,"href":"https:\/\/www.manquepierda.com\/historiarealbetis\/wp-json\/wp\/v2\/posts\/94885\/revisions"}],"predecessor-version":[{"id":94887,"href":"https:\/\/www.manquepierda.com\/historiarealbetis\/wp-json\/wp\/v2\/posts\/94885\/revisions\/94887"}],"wp:featuredmedia":[{"embeddable":true,"href":"https:\/\/www.manquepierda.com\/historiarealbetis\/wp-json\/wp\/v2\/media\/94886"}],"wp:attachment":[{"href":"https:\/\/www.manquepierda.com\/historiarealbetis\/wp-json\/wp\/v2\/media?parent=94885"}],"wp:term":[{"taxonomy":"category","embeddable":true,"href":"https:\/\/www.manquepierda.com\/historiarealbetis\/wp-json\/wp\/v2\/categories?post=94885"},{"taxonomy":"post_tag","embeddable":true,"href":"https:\/\/www.manquepierda.com\/historiarealbetis\/wp-json\/wp\/v2\/tags?post=94885"}],"curies":[{"name":"wp","href":"https:\/\/api.w.org\/{rel}","templated":true}]}}