{"id":95010,"date":"2024-08-13T13:00:00","date_gmt":"2024-08-13T11:00:00","guid":{"rendered":"https:\/\/www.manquepierda.com\/historiarealbetis\/?p=95010"},"modified":"2024-07-28T17:18:00","modified_gmt":"2024-07-28T15:18:00","slug":"hoy-hace-70-anos-comienzan-los-entrenamientos","status":"publish","type":"post","link":"https:\/\/www.manquepierda.com\/historiarealbetis\/hoy-hace-70-anos-comienzan-los-entrenamientos\/","title":{"rendered":"Hoy hace 70 a\u00f1os. Comienzan los entrenamientos."},"content":{"rendered":"<div class=\"wp-block-image\">\n<figure class=\"aligncenter size-medium\"><img data-recalc-dims=\"1\" loading=\"lazy\" decoding=\"async\" width=\"680\" height=\"449\" src=\"https:\/\/i0.wp.com\/www.manquepierda.com\/historiarealbetis\/files\/2024\/07\/13-1954-Comienzan-los-entrenamientos-680x449.jpg?resize=680%2C449&#038;ssl=1\" alt=\"\" class=\"wp-image-95011\" srcset=\"https:\/\/i0.wp.com\/www.manquepierda.com\/historiarealbetis\/files\/2024\/07\/13-1954-Comienzan-los-entrenamientos.jpg?resize=680%2C449&amp;ssl=1 680w, https:\/\/i0.wp.com\/www.manquepierda.com\/historiarealbetis\/files\/2024\/07\/13-1954-Comienzan-los-entrenamientos.jpg?resize=960%2C633&amp;ssl=1 960w, https:\/\/i0.wp.com\/www.manquepierda.com\/historiarealbetis\/files\/2024\/07\/13-1954-Comienzan-los-entrenamientos.jpg?resize=220%2C145&amp;ssl=1 220w, https:\/\/i0.wp.com\/www.manquepierda.com\/historiarealbetis\/files\/2024\/07\/13-1954-Comienzan-los-entrenamientos.jpg?resize=768%2C507&amp;ssl=1 768w, https:\/\/i0.wp.com\/www.manquepierda.com\/historiarealbetis\/files\/2024\/07\/13-1954-Comienzan-los-entrenamientos.jpg?w=1120&amp;ssl=1 1120w\" sizes=\"auto, (max-width: 680px) 100vw, 680px\" \/><\/figure>\n<\/div>\n\n<p>\u00a0<\/p>\n<p><span style=\"color: #008000\">El 13 de agosto de 1954 en el estadio de Heli\u00f3polis comienzan los entrenamientos de la primera plantilla b\u00e9tica de cara a la temporada 1954-55.<\/span><\/p>\n<p><span style=\"color: #008000\">A las seis de la tarde, y bajo la direcci\u00f3n del t\u00e9cnico Francisco G\u00f3mez, se realiz\u00f3 una jornada dedicada exclusivamente a la preparaci\u00f3n f\u00edsica<\/span><\/p>","protected":false},"excerpt":{"rendered":"<p>\u00a0 El 13 de agosto de 1954 en el estadio de Heli\u00f3polis comienzan los entrenamientos de la primera plantilla b\u00e9tica de cara a la temporada 1954-55. A las seis de la tarde, y bajo la direcci\u00f3n del t\u00e9cnico Francisco G\u00f3mez, se realiz\u00f3 una jornada dedicada exclusivamente a la preparaci\u00f3n f\u00edsica<\/p>\n","protected":false},"author":5,"featured_media":95011,"comment_status":"open","ping_status":"open","sticky":false,"template":"","format":"standard","meta":{"_kad_post_transparent":"","_kad_post_title":"","_kad_post_layout":"","_kad_post_sidebar_id":"","_kad_post_content_style":"","_kad_post_vertical_padding":"","_kad_post_feature":"","_kad_post_feature_position":"","_kad_post_header":false,"_kad_post_footer":false,"_kad_post_classname":"","_jetpack_memberships_contains_paid_content":false,"footnotes":"","jetpack_publicize_message":"","jetpack_publicize_feature_enabled":true,"jetpack_social_post_already_shared":true,"jetpack_social_options":{"image_generator_settings":{"template":"highway","default_image_id":0,"font":"","enabled":false},"version":2}},"categories":[14583,1],"tags":[54,340],"class_list":["post-95010","post","type-post","status-publish","format-standard","has-post-thumbnail","hentry","category-efemerides","category-portada","tag-54","tag-entrenamientos"],"jetpack_publicize_connections":[],"jetpack_featured_media_url":"https:\/\/i0.wp.com\/www.manquepierda.com\/historiarealbetis\/files\/2024\/07\/13-1954-Comienzan-los-entrenamientos.jpg?fit=1120%2C739&ssl=1","jetpack_sharing_enabled":true,"jetpack_shortlink":"https:\/\/wp.me\/p1ij08-oIq","jetpack-related-posts":[],"_links":{"self":[{"href":"https:\/\/www.manquepierda.com\/historiarealbetis\/wp-json\/wp\/v2\/posts\/95010","targetHints":{"allow":["GET"]}}],"collection":[{"href":"https:\/\/www.manquepierda.com\/historiarealbetis\/wp-json\/wp\/v2\/posts"}],"about":[{"href":"https:\/\/www.manquepierda.com\/historiarealbetis\/wp-json\/wp\/v2\/types\/post"}],"author":[{"embeddable":true,"href":"https:\/\/www.manquepierda.com\/historiarealbetis\/wp-json\/wp\/v2\/users\/5"}],"replies":[{"embeddable":true,"href":"https:\/\/www.manquepierda.com\/historiarealbetis\/wp-json\/wp\/v2\/comments?post=95010"}],"version-history":[{"count":2,"href":"https:\/\/www.manquepierda.com\/historiarealbetis\/wp-json\/wp\/v2\/posts\/95010\/revisions"}],"predecessor-version":[{"id":95013,"href":"https:\/\/www.manquepierda.com\/historiarealbetis\/wp-json\/wp\/v2\/posts\/95010\/revisions\/95013"}],"wp:featuredmedia":[{"embeddable":true,"href":"https:\/\/www.manquepierda.com\/historiarealbetis\/wp-json\/wp\/v2\/media\/95011"}],"wp:attachment":[{"href":"https:\/\/www.manquepierda.com\/historiarealbetis\/wp-json\/wp\/v2\/media?parent=95010"}],"wp:term":[{"taxonomy":"category","embeddable":true,"href":"https:\/\/www.manquepierda.com\/historiarealbetis\/wp-json\/wp\/v2\/categories?post=95010"},{"taxonomy":"post_tag","embeddable":true,"href":"https:\/\/www.manquepierda.com\/historiarealbetis\/wp-json\/wp\/v2\/tags?post=95010"}],"curies":[{"name":"wp","href":"https:\/\/api.w.org\/{rel}","templated":true}]}}