{"id":9502,"date":"2011-03-19T16:03:45","date_gmt":"2011-03-19T15:03:45","guid":{"rendered":"http:\/\/www.manquepierda.com\/historiarealbetis\/?p=9502"},"modified":"2024-09-22T19:33:11","modified_gmt":"2024-09-22T17:33:11","slug":"19300809-junta-gral-real-betis-balompie","status":"publish","type":"post","link":"https:\/\/www.manquepierda.com\/historiarealbetis\/19300809-junta-gral-real-betis-balompie\/","title":{"rendered":"1930-08-09: Junta Gral. Real Betis Balompi\u00e9"},"content":{"rendered":"<p>\u00abEn el hermoso local del <strong>Front\u00f3n Betis, <\/strong>se celebr\u00f3 en la noche del s\u00e1bado 9 de agosto de 1930, Junta general ordinaria para votar nueva directiva.<\/p>\n<p>Los objetos de la reuni\u00f3n eran el de darse cuenta reglamentaria por la directiva saliente de su gesti\u00f3n durante la temporada que pas\u00f3, y la elecci\u00f3n de nueva Junta.<\/p>\n<p>Ocup\u00f3 la presidencia el que lo fue hasta ayer, notable abogado, don Adolfo Cu\u00e9llar Rodr\u00edguez, el que con elocuentes palabras explic\u00f3 la situaci\u00f3n del Club y la gesti\u00f3n de los dirigentes, siendo ovacionado largamente.<\/p>\n<p>Seguidamente se procedi\u00f3 a la votaci\u00f3n de la nueva Directiva vot\u00e1ndose, no sin alguna discusi\u00f3n, la candidatura oficial, despu\u00e9s de ser recomendada por don Ignacio S\u00e1nchez Mej\u00edas en medio de largos aplausos.<\/p>\n<p>Fue votada por aclamaci\u00f3n, demostrando los numeros socios que asistieron su gran contento, por ser todas las personas que la integran, prestigiosos aficionados y antiguos balompedistas.<\/p>\n<p>Nuevamente us\u00f3 de la palabra el se\u00f1or Cu\u00e9llar para presentar y dar posesi\u00f3n al nuevo presidente.<\/p>\n<p style=\"text-align: center\"><strong>La nueva junta elegida es:<\/strong><\/p>\n<p><strong>Presidente honorario, don Ignacio S\u00e1nchez Mej\u00edas.<\/strong><\/p>\n<p style=\"text-align: left\"><strong><a class=\"lightbox\" title=\"escanear0048\" href=\"https:\/\/www.manquepierda.com\/historiarealbetis\/files\/2011\/03\/escanear0048.jpg\"><br \/>\n<\/a>Presidente efectivo, don Camilo Romero S\u00e1nchez.<\/strong><\/p>\n<p style=\"text-align: center\"><strong>Vicepresidentes:<\/strong><\/p>\n<p style=\"text-align: left\"><strong>D. Jos\u00e9 Centeno Gonz\u00e1lez.<\/strong><\/p>\n<p style=\"text-align: left\"><strong>D. Jos\u00e9 Fern\u00e1ndez Sousa.<\/strong><\/p>\n<p style=\"text-align: left\"><strong>D. Jos\u00e9 Contreras Rodr\u00edguez.<\/strong><\/p>\n<p style=\"text-align: left\"><strong>Secretario, don Ignacio Mart\u00ednez Vice.<\/strong><\/p>\n<p style=\"text-align: left\"><strong>Vicesecretario, don Antonio Jim\u00e9nez Brenes.<\/strong><\/p>\n<p style=\"text-align: left\"><strong>Tesorero, don Federico Cazorla Mart\u00ednez.<\/strong><\/p>\n<p style=\"text-align: left\"><strong>Vicetesorero, don Juan Amador Carri\u00f3n.<\/strong><\/p>\n<p style=\"text-align: left\"><strong>Contador, don Rafael Forcada Cabanellas.<\/strong><\/p>\n<p style=\"text-align: left\"><strong>Vocal-1\u00ba don Adolfo Cu\u00e9llar Rodr\u00edguez.<\/strong><\/p>\n<p style=\"text-align: left\"><strong>Vocal-2\u00ba don Jos\u00e9 Soro Mart\u00ednez.<\/strong><\/p>\n<p style=\"text-align: left\"><strong>Vocal-3\u00ba don Luciano Rosch Ib\u00e1\u00f1ez.<\/strong><\/p>\n<p style=\"text-align: left\"><strong>Vocal-4\u00ba don V\u00edctor Ramos Catalina.<\/strong><\/p>\n<p style=\"text-align: center\"><strong>JUNTA CONSULTIVA.<\/strong><\/p>\n<p style=\"text-align: left\"><strong>D. Francisco Roncero; D. Diego L\u00f3pez Jim\u00e9nez; D. Gil G\u00f3mez Bajuelo; D. Enrique A\u00f1ino Ilzarbe de Andueza; D. Juan Cascales Cascales; D. Leonardo Lozana Andr\u00e9s; D. Rafael P\u00e9rez Camacho; D. Bartolom\u00e9 P\u00e9rez; D. Joaqu\u00edn Torres Caravaca; D. Crist\u00f3bal Fern\u00e1ndez; D. F\u00e9lix Hera Garrido; D. Jos\u00e9 Rodr\u00edguez D\u00edaz; D. Jos\u00e9 Wesolowski Zaldo; D. Juan Tassara Buiza y D. Carlos Alarc\u00f3n De la Lastra.<\/strong><\/p>\n<p style=\"text-align: left\"><strong>En el cap\u00edtulo de ruegos destac\u00f3 el dirigido por el Sr. G\u00f3mez Bajuelo, para que en la primera quincena de septiembre se organice un partido a beneficio de la viuda e hijos de aquel modelo de b\u00e9ticos que se llam\u00f3 Carmelo Navarro Hurtado, prometiendo el nuevo presidente saldar lo m\u00e1s pronto posible la deuda moral que el Club tiene con la familia del inolvidable Navarro.<\/strong><\/p>\n<p style=\"text-align: left\"><strong>Luego el Sr. Cu\u00e9llar di\u00f3 posesi\u00f3n de la presidencia a D. Camilo Romero S\u00e1nchez, qui\u00e9n pronunci\u00f3 breves, pero muy sentidas palabras, reveladoras de su acendrado cari\u00f1o al Club, exponiendo en l\u00edneas generales sus prop\u00f3sitos para la temporada pr\u00f3xima, que, a juzgar por el entusiasmo de los b\u00e9ticos, ha de ser pr\u00f3diga en jornadas felices para el Club Verdiblanco\u00bb.<\/strong><\/p>\n<p style=\"text-align: left\"><strong>\u00abTras la elecci\u00f3n us\u00f3 de nuevo la palabra el nuevo presidente Sr. Romero S\u00e1nchez y promete poner al servicio del Club todo el amor que a \u00e9l le tiene, diciendo entre otras frases felices <em>\u00ab<\/em><\/strong><strong> terminando su elocuente discurso entre atronadoras ovaciones, levantando seguidamente la sesi\u00f3n.<\/strong><\/p>\n<p style=\"text-align: left\"><strong>Es mi opini\u00f3n, que la actual directiva del Real Betis Balompi\u00e9 har\u00e1 grandes cosas, por ser la m\u00e1s completa que ha tenido desde su fundaci\u00f3n\u00bb.-L\u00f3pez, \u00abEl Mundo Deportivo\u00bb, Barcelona, 19300816, s\u00e1bado.<br \/>\n<\/strong><\/p>\n<p style=\"text-align: left\"><strong>\u00abFinalmente la Asamblea otorg\u00f3 un aplauso caluroso a la directiva saliente, aprobando as\u00ed su gesti\u00f3n.<\/strong><\/p>\n<p style=\"text-align: left\"><strong>Esto fue lo que sucedi\u00f3 en la Asamblea anual que anoche celebr\u00f3 el Real Betis Balompi\u00e9\u00bb.-ABC-19300810, domingo.<\/strong><\/p>\n<p style=\"text-align: center\"><strong>\u00abNOTAS ANDALUZAS\u00bb<\/strong><\/p>\n<p style=\"text-align: left\"><strong>\u00abPor el Betis han fichado todos los jugadores de la temporada pasada&#8230;menos Herrera y Regueiro; y se han adquirido cinco nuevos canarios\u00bb.<\/strong><\/p>\n<p style=\"text-align: left\"><strong>Han firmado por su antiguo Club, el Real Betis Balompi\u00e9, todos los jugadores de la anterior temporada, menos Ram\u00f3n Herrera Bueno y Pedro Regueiro Pagola, que fueron traspasados.<\/strong><\/p>\n<p style=\"text-align: left\"><strong>TIMIMI-Pedro Gonz\u00e1lez S\u00e1nchez, ADOLFO Mart\u00edn Gonz\u00e1lez, Sebasti\u00e1n ROMERO y Sim\u00f3n SANABRIA Alonso.<\/strong><\/p>\n<p style=\"text-align: left\"><strong>Tambi\u00e9n est\u00e1n en gestiones otros jugadores de la Pen\u00ednsula, un medio centro y un delantero centro.<\/strong><\/p>\n<p style=\"text-align: left\"><strong>Como se ve tambi\u00e9n el Betis Balompi\u00e9 se prepara para la lucha.<\/strong><\/p>\n<p style=\"text-align: left\"><strong>El campo, tambi\u00e9n sufrir\u00e1 reformas, inaugr\u00e1ndose en el mes de septiembre un magn\u00edfico restaurante vasco, edificado a continuaci\u00f3n del \u00abFront\u00f3n Betis\u00bb;\u00a0 toda la grada general ser\u00e1 ampliada y todo el conjunto ser\u00e1 pintado y remozado.<\/strong><\/p>\n<p style=\"text-align: left\"><strong>Nuestra enhorabuena al Real Betis Balompi\u00e9, modelo de clubes de luchadores\u00bb.<\/strong><\/p>\n<p style=\"text-align: left\"><strong>\u00abEl Mundo Deportivo\u00bb, Barcelona, s\u00e1bado 16-Agosto-1930.<br \/>\n<\/strong><\/p>\n<p style=\"text-align: left\"><strong><br \/>\n<\/strong><\/p>\n<p style=\"text-align: left\"><strong><br \/>\n<\/strong><\/p>\n","protected":false},"excerpt":{"rendered":"<p>\u00abEn el hermoso local del Front\u00f3n Betis, se celebr\u00f3 en la noche del s\u00e1bado 9 de agosto de 1930, Junta general ordinaria para votar nueva directiva. Los objetos de la reuni\u00f3n eran el de darse cuenta reglamentaria por la directiva saliente de su gesti\u00f3n durante la temporada que pas\u00f3, y la elecci\u00f3n de nueva Junta&#8230;.<\/p>\n","protected":false},"author":48,"featured_media":0,"comment_status":"open","ping_status":"open","sticky":false,"template":"","format":"standard","meta":{"_kad_post_transparent":"","_kad_post_title":"","_kad_post_layout":"","_kad_post_sidebar_id":"","_kad_post_content_style":"","_kad_post_vertical_padding":"","_kad_post_feature":"","_kad_post_feature_position":"","_kad_post_header":false,"_kad_post_footer":false,"_kad_post_classname":"","_jetpack_memberships_contains_paid_content":false,"footnotes":"","jetpack_publicize_message":"","jetpack_publicize_feature_enabled":true,"jetpack_social_post_already_shared":false,"jetpack_social_options":{"image_generator_settings":{"template":"highway","default_image_id":0,"font":"","enabled":false},"version":2}},"categories":[899,891,1],"tags":[17767,951,1707,16436,1720,1702,1666,1722,1715,1639,1708,1714,1700,1716,1706,1701,1721,1703,1705,1704,1724,1725,1709,1717,1726,1718,1712,1710,1719,1713],"class_list":["post-9502","post","type-post","status-publish","format-standard","hentry","category-1930-1939","category-directivos-temas","category-portada","tag-17767","tag-adolfo-cuellar-rodriguez","tag-antonio-jimenez-brenes","tag-asamblea-de-socios","tag-bartolome-perez","tag-camilo-romero-sanchez","tag-carlos-alarcon-de-la-lastra","tag-cristobal-fernandez","tag-diego-lopez-jimenez","tag-enrique-anino-ilzarbe-de-andueza","tag-federico-cazorla-martinez","tag-francisco-roncero","tag-fronton-betis","tag-gil-gomez-bajuelo","tag-ignacio-martinez-vice","tag-ignacio-sanchez-mejias","tag-joaquin-torres-caravaca","tag-jose-centeno-gonzalez","tag-jose-contreras-rodriguez","tag-jose-fernandez-sousa","tag-jose-rodriguez-diaz","tag-jose-wesolowski-zaldo","tag-juan-amador-carrion","tag-juan-cascales-cascales","tag-juan-tassara-buiza","tag-leonardo-lozana-andres","tag-luciano-rosch-ibanez","tag-rafael-forcada-cabanellas","tag-rafael-perez-camacho","tag-victor-ramos-catalina"],"jetpack_publicize_connections":[],"jetpack_featured_media_url":"","jetpack_sharing_enabled":true,"jetpack_shortlink":"https:\/\/wp.me\/p1ij08-2tg","jetpack-related-posts":[],"_links":{"self":[{"href":"https:\/\/www.manquepierda.com\/historiarealbetis\/wp-json\/wp\/v2\/posts\/9502","targetHints":{"allow":["GET"]}}],"collection":[{"href":"https:\/\/www.manquepierda.com\/historiarealbetis\/wp-json\/wp\/v2\/posts"}],"about":[{"href":"https:\/\/www.manquepierda.com\/historiarealbetis\/wp-json\/wp\/v2\/types\/post"}],"author":[{"embeddable":true,"href":"https:\/\/www.manquepierda.com\/historiarealbetis\/wp-json\/wp\/v2\/users\/48"}],"replies":[{"embeddable":true,"href":"https:\/\/www.manquepierda.com\/historiarealbetis\/wp-json\/wp\/v2\/comments?post=9502"}],"version-history":[{"count":1,"href":"https:\/\/www.manquepierda.com\/historiarealbetis\/wp-json\/wp\/v2\/posts\/9502\/revisions"}],"predecessor-version":[{"id":96468,"href":"https:\/\/www.manquepierda.com\/historiarealbetis\/wp-json\/wp\/v2\/posts\/9502\/revisions\/96468"}],"wp:attachment":[{"href":"https:\/\/www.manquepierda.com\/historiarealbetis\/wp-json\/wp\/v2\/media?parent=9502"}],"wp:term":[{"taxonomy":"category","embeddable":true,"href":"https:\/\/www.manquepierda.com\/historiarealbetis\/wp-json\/wp\/v2\/categories?post=9502"},{"taxonomy":"post_tag","embeddable":true,"href":"https:\/\/www.manquepierda.com\/historiarealbetis\/wp-json\/wp\/v2\/tags?post=9502"}],"curies":[{"name":"wp","href":"https:\/\/api.w.org\/{rel}","templated":true}]}}