{"id":95152,"date":"2024-08-06T11:00:00","date_gmt":"2024-08-06T09:00:00","guid":{"rendered":"https:\/\/www.manquepierda.com\/historiarealbetis\/?p=95152"},"modified":"2024-08-10T20:15:29","modified_gmt":"2024-08-10T18:15:29","slug":"betis-granada-liga-1941","status":"publish","type":"post","link":"https:\/\/www.manquepierda.com\/historiarealbetis\/betis-granada-liga-1941\/","title":{"rendered":"Betis-Granada Liga 1941"},"content":{"rendered":"<div class=\"wp-block-image\">\n<figure class=\"aligncenter size-full is-resized\"><img data-recalc-dims=\"1\" loading=\"lazy\" decoding=\"async\" width=\"371\" height=\"230\" src=\"https:\/\/i0.wp.com\/www.manquepierda.com\/historiarealbetis\/files\/2024\/08\/Betis-Granada-Liga-1941.jpg?resize=371%2C230&#038;ssl=1\" alt=\"\" class=\"wp-image-95153\" style=\"width:461px;height:auto\" srcset=\"https:\/\/i0.wp.com\/www.manquepierda.com\/historiarealbetis\/files\/2024\/08\/Betis-Granada-Liga-1941.jpg?w=371&amp;ssl=1 371w, https:\/\/i0.wp.com\/www.manquepierda.com\/historiarealbetis\/files\/2024\/08\/Betis-Granada-Liga-1941.jpg?resize=220%2C136&amp;ssl=1 220w\" sizes=\"auto, (max-width: 371px) 100vw, 371px\" \/><\/figure>\n<\/div>\n\n<p>\u00a0<\/p>\n<p>16 de febrero de 1941 en Heli\u00f3polis Betis 3 Granada 0; jornada 20 del Campeonato de Liga de Segunda Divisi\u00f3n.<\/p>\n<p>En la imagen el bal\u00f3n rebasa al guardameta granadino Floro, en uno de los 3 tantos que marc\u00f3 el delantero b\u00e9tico Paquirri.<\/p>\n<p>Patrick O\u00b4Connell entrenaba al Betis y Victoriano Santos al Granada.<\/p>\n<p>\u00a0<\/p>","protected":false},"excerpt":{"rendered":"<p>\u00a0 16 de febrero de 1941 en Heli\u00f3polis Betis 3 Granada 0; jornada 20 del Campeonato de Liga de Segunda Divisi\u00f3n. En la imagen el bal\u00f3n rebasa al guardameta granadino Floro, en uno de los 3 tantos que marc\u00f3 el delantero b\u00e9tico Paquirri. Patrick O\u00b4Connell entrenaba al Betis y Victoriano Santos al Granada. \u00a0<\/p>\n","protected":false},"author":5,"featured_media":95153,"comment_status":"open","ping_status":"open","sticky":false,"template":"","format":"standard","meta":{"_kad_post_transparent":"","_kad_post_title":"","_kad_post_layout":"","_kad_post_sidebar_id":"","_kad_post_content_style":"","_kad_post_vertical_padding":"","_kad_post_feature":"","_kad_post_feature_position":"","_kad_post_header":false,"_kad_post_footer":false,"_kad_post_classname":"","_jetpack_memberships_contains_paid_content":false,"footnotes":"","jetpack_publicize_message":"","jetpack_publicize_feature_enabled":true,"jetpack_social_post_already_shared":true,"jetpack_social_options":{"image_generator_settings":{"template":"highway","default_image_id":0,"font":"","enabled":false},"version":2}},"categories":[900,1],"tags":[2378,49,3134,17888],"class_list":["post-95152","post","type-post","status-publish","format-standard","has-post-thumbnail","hentry","category-1940-1949","category-portada","tag-1940-41","tag-49","tag-granada-cf","tag-liga-segunda-1940-41"],"jetpack_publicize_connections":[],"jetpack_featured_media_url":"https:\/\/i0.wp.com\/www.manquepierda.com\/historiarealbetis\/files\/2024\/08\/Betis-Granada-Liga-1941.jpg?fit=371%2C230&ssl=1","jetpack_sharing_enabled":true,"jetpack_shortlink":"https:\/\/wp.me\/p1ij08-oKI","jetpack-related-posts":[],"_links":{"self":[{"href":"https:\/\/www.manquepierda.com\/historiarealbetis\/wp-json\/wp\/v2\/posts\/95152","targetHints":{"allow":["GET"]}}],"collection":[{"href":"https:\/\/www.manquepierda.com\/historiarealbetis\/wp-json\/wp\/v2\/posts"}],"about":[{"href":"https:\/\/www.manquepierda.com\/historiarealbetis\/wp-json\/wp\/v2\/types\/post"}],"author":[{"embeddable":true,"href":"https:\/\/www.manquepierda.com\/historiarealbetis\/wp-json\/wp\/v2\/users\/5"}],"replies":[{"embeddable":true,"href":"https:\/\/www.manquepierda.com\/historiarealbetis\/wp-json\/wp\/v2\/comments?post=95152"}],"version-history":[{"count":1,"href":"https:\/\/www.manquepierda.com\/historiarealbetis\/wp-json\/wp\/v2\/posts\/95152\/revisions"}],"predecessor-version":[{"id":95154,"href":"https:\/\/www.manquepierda.com\/historiarealbetis\/wp-json\/wp\/v2\/posts\/95152\/revisions\/95154"}],"wp:featuredmedia":[{"embeddable":true,"href":"https:\/\/www.manquepierda.com\/historiarealbetis\/wp-json\/wp\/v2\/media\/95153"}],"wp:attachment":[{"href":"https:\/\/www.manquepierda.com\/historiarealbetis\/wp-json\/wp\/v2\/media?parent=95152"}],"wp:term":[{"taxonomy":"category","embeddable":true,"href":"https:\/\/www.manquepierda.com\/historiarealbetis\/wp-json\/wp\/v2\/categories?post=95152"},{"taxonomy":"post_tag","embeddable":true,"href":"https:\/\/www.manquepierda.com\/historiarealbetis\/wp-json\/wp\/v2\/tags?post=95152"}],"curies":[{"name":"wp","href":"https:\/\/api.w.org\/{rel}","templated":true}]}}