{"id":95186,"date":"2024-08-31T13:00:00","date_gmt":"2024-08-31T11:00:00","guid":{"rendered":"https:\/\/www.manquepierda.com\/historiarealbetis\/?p=95186"},"modified":"2024-08-31T00:41:02","modified_gmt":"2024-08-30T22:41:02","slug":"hoy-hace-15-anos-presentacion-de-nacho","status":"publish","type":"post","link":"https:\/\/www.manquepierda.com\/historiarealbetis\/hoy-hace-15-anos-presentacion-de-nacho\/","title":{"rendered":"Hoy hace 15 a\u00f1os. Presentaci\u00f3n de Nacho."},"content":{"rendered":"<div class=\"wp-block-image\">\n<figure class=\"aligncenter size-full\"><img data-recalc-dims=\"1\" loading=\"lazy\" decoding=\"async\" width=\"330\" height=\"300\" src=\"https:\/\/i0.wp.com\/www.manquepierda.com\/historiarealbetis\/files\/2024\/08\/31-2009-Presentacion-de-Nacho.jpg?resize=330%2C300&#038;ssl=1\" alt=\"\" class=\"wp-image-95187\" srcset=\"https:\/\/i0.wp.com\/www.manquepierda.com\/historiarealbetis\/files\/2024\/08\/31-2009-Presentacion-de-Nacho.jpg?w=330&amp;ssl=1 330w, https:\/\/i0.wp.com\/www.manquepierda.com\/historiarealbetis\/files\/2024\/08\/31-2009-Presentacion-de-Nacho.jpg?resize=220%2C200&amp;ssl=1 220w\" sizes=\"auto, (max-width: 330px) 100vw, 330px\" \/><\/figure>\n<\/div>\n\n<p><span style=\"color: #008000\">El 31 de agosto de 2009 es presentado como nuevo jugador del Real Betis Balompi\u00e9 el futbolista malague\u00f1o Ignacio P\u00e9rez Santamar\u00eda de 29 a\u00f1os, quien llegaba desde el M\u00e1laga, aunque sus derechos pertenec\u00edan al Getafe.<\/span><\/p>\n<p><span style=\"color: #008000\">Nacho firm\u00f3 un contrato por 3 temporadas, que posteriormente prorrog\u00f3 por 2 m\u00e1s.<\/span> \u00a0<\/p>\n<p><span style=\"color: #008000\">Para saber m\u00e1s de su trayectoria b\u00e9tica ver <a href=\"https:\/\/www.manquepierda.com\/historiarealbetis\/ignacio-perez-nacho\/\"><strong>aqu\u00ed.\u00a0<\/strong><\/a><\/span><\/p>","protected":false},"excerpt":{"rendered":"<p>El 31 de agosto de 2009 es presentado como nuevo jugador del Real Betis Balompi\u00e9 el futbolista malague\u00f1o Ignacio P\u00e9rez Santamar\u00eda de 29 a\u00f1os, quien llegaba desde el M\u00e1laga, aunque sus derechos pertenec\u00edan al Getafe. Nacho firm\u00f3 un contrato por 3 temporadas, que posteriormente prorrog\u00f3 por 2 m\u00e1s. \u00a0 Para saber m\u00e1s de su trayectoria&#8230;<\/p>\n","protected":false},"author":5,"featured_media":95187,"comment_status":"open","ping_status":"open","sticky":false,"template":"","format":"standard","meta":{"_kad_post_transparent":"","_kad_post_title":"","_kad_post_layout":"","_kad_post_sidebar_id":"","_kad_post_content_style":"","_kad_post_vertical_padding":"","_kad_post_feature":"","_kad_post_feature_position":"","_kad_post_header":false,"_kad_post_footer":false,"_kad_post_classname":"","_jetpack_memberships_contains_paid_content":false,"footnotes":"","jetpack_publicize_message":"","jetpack_publicize_feature_enabled":true,"jetpack_social_post_already_shared":true,"jetpack_social_options":{"image_generator_settings":{"template":"highway","default_image_id":0,"font":"","enabled":false},"version":2}},"categories":[904,14583,1],"tags":[5648,1487],"class_list":["post-95186","post","type-post","status-publish","format-standard","has-post-thumbnail","hentry","category-1980-1989","category-efemerides","category-portada","tag-5648","tag-ignacio-perez-nacho"],"jetpack_publicize_connections":[],"jetpack_featured_media_url":"https:\/\/i0.wp.com\/www.manquepierda.com\/historiarealbetis\/files\/2024\/08\/31-2009-Presentacion-de-Nacho.jpg?fit=330%2C300&ssl=1","jetpack_sharing_enabled":true,"jetpack_shortlink":"https:\/\/wp.me\/p1ij08-oLg","jetpack-related-posts":[],"_links":{"self":[{"href":"https:\/\/www.manquepierda.com\/historiarealbetis\/wp-json\/wp\/v2\/posts\/95186","targetHints":{"allow":["GET"]}}],"collection":[{"href":"https:\/\/www.manquepierda.com\/historiarealbetis\/wp-json\/wp\/v2\/posts"}],"about":[{"href":"https:\/\/www.manquepierda.com\/historiarealbetis\/wp-json\/wp\/v2\/types\/post"}],"author":[{"embeddable":true,"href":"https:\/\/www.manquepierda.com\/historiarealbetis\/wp-json\/wp\/v2\/users\/5"}],"replies":[{"embeddable":true,"href":"https:\/\/www.manquepierda.com\/historiarealbetis\/wp-json\/wp\/v2\/comments?post=95186"}],"version-history":[{"count":3,"href":"https:\/\/www.manquepierda.com\/historiarealbetis\/wp-json\/wp\/v2\/posts\/95186\/revisions"}],"predecessor-version":[{"id":98283,"href":"https:\/\/www.manquepierda.com\/historiarealbetis\/wp-json\/wp\/v2\/posts\/95186\/revisions\/98283"}],"wp:featuredmedia":[{"embeddable":true,"href":"https:\/\/www.manquepierda.com\/historiarealbetis\/wp-json\/wp\/v2\/media\/95187"}],"wp:attachment":[{"href":"https:\/\/www.manquepierda.com\/historiarealbetis\/wp-json\/wp\/v2\/media?parent=95186"}],"wp:term":[{"taxonomy":"category","embeddable":true,"href":"https:\/\/www.manquepierda.com\/historiarealbetis\/wp-json\/wp\/v2\/categories?post=95186"},{"taxonomy":"post_tag","embeddable":true,"href":"https:\/\/www.manquepierda.com\/historiarealbetis\/wp-json\/wp\/v2\/tags?post=95186"}],"curies":[{"name":"wp","href":"https:\/\/api.w.org\/{rel}","templated":true}]}}