{"id":95215,"date":"2024-08-14T11:00:00","date_gmt":"2024-08-14T09:00:00","guid":{"rendered":"https:\/\/www.manquepierda.com\/historiarealbetis\/?p=95215"},"modified":"2024-09-16T23:18:23","modified_gmt":"2024-09-16T21:18:23","slug":"alineacion-betis-girona-liga-2019","status":"publish","type":"post","link":"https:\/\/www.manquepierda.com\/historiarealbetis\/alineacion-betis-girona-liga-2019\/","title":{"rendered":"Alineaci\u00f3n Betis-Girona Liga 2019"},"content":{"rendered":"<div class=\"wp-block-image\">\n<figure class=\"aligncenter size-full\"><img data-recalc-dims=\"1\" loading=\"lazy\" decoding=\"async\" width=\"497\" height=\"322\" src=\"https:\/\/i0.wp.com\/www.manquepierda.com\/historiarealbetis\/files\/2024\/08\/Alineacion-Betis-Girona-Liga-2019.jpg?resize=497%2C322&#038;ssl=1\" alt=\"\" class=\"wp-image-95216\" srcset=\"https:\/\/i0.wp.com\/www.manquepierda.com\/historiarealbetis\/files\/2024\/08\/Alineacion-Betis-Girona-Liga-2019.jpg?w=497&amp;ssl=1 497w, https:\/\/i0.wp.com\/www.manquepierda.com\/historiarealbetis\/files\/2024\/08\/Alineacion-Betis-Girona-Liga-2019.jpg?resize=220%2C143&amp;ssl=1 220w\" sizes=\"auto, (max-width: 497px) 100vw, 497px\" \/><\/figure>\n<\/div>\n\n<p>20 de enero de 2019 en el Villamar\u00edn Betis 3 Girona 2; jornada 20 del Campeonato de Liga de Primera Divisi\u00f3n.<\/p>\n<p>En la imagen arriba Mandi, Bartra, Javi Garc\u00eda, Barrag\u00e1n, Loren y Pau L\u00f3pez; abajo Tello, Lo Celso, Guardado, Sanabria y Canales.<\/p>\n<p>Tello, Loren y Canales marcaron para el Betis y Aleix Garc\u00eda y Doumbia para el Girona.\u00a0<\/p>\n<p>Quique Seti\u00e9n dirig\u00eda al Betis y Eusebio Sacrist\u00e1n al Girona.<\/p>","protected":false},"excerpt":{"rendered":"<p>20 de enero de 2019 en el Villamar\u00edn Betis 3 Girona 2; jornada 20 del Campeonato de Liga de Primera Divisi\u00f3n. En la imagen arriba Mandi, Bartra, Javi Garc\u00eda, Barrag\u00e1n, Loren y Pau L\u00f3pez; abajo Tello, Lo Celso, Guardado, Sanabria y Canales. Tello, Loren y Canales marcaron para el Betis y Aleix Garc\u00eda y Doumbia&#8230;<\/p>\n","protected":false},"author":5,"featured_media":95216,"comment_status":"open","ping_status":"open","sticky":false,"template":"","format":"standard","meta":{"_kad_post_transparent":"","_kad_post_title":"","_kad_post_layout":"","_kad_post_sidebar_id":"","_kad_post_content_style":"","_kad_post_vertical_padding":"","_kad_post_feature":"","_kad_post_feature_position":"","_kad_post_header":false,"_kad_post_footer":false,"_kad_post_classname":"","_jetpack_memberships_contains_paid_content":false,"footnotes":"","jetpack_publicize_message":"","jetpack_publicize_feature_enabled":true,"jetpack_social_post_already_shared":true,"jetpack_social_options":{"image_generator_settings":{"template":"highway","default_image_id":0,"font":"","enabled":false},"version":2}},"categories":[15447,1],"tags":[17739,17669,17456,16951,16185,15720,16234,18409,16551,16421,17921,18345,558,16853,16817],"class_list":["post-95215","post","type-post","status-publish","format-standard","has-post-thumbnail","hentry","category-2010-2019","category-portada","tag-2018-19","tag-17669","tag-aisa-mandi","tag-andres-guardado","tag-antonio-barragan","tag-antonio-sanabria","tag-cristian-tello","tag-giovani-lo-celso","tag-girona-fc","tag-javi-garcia","tag-liga-primera-2018-19","tag-lorenzo-moron-loren-2","tag-marc-bartra","tag-pau-lopez","tag-sergio-canales"],"jetpack_publicize_connections":[],"jetpack_featured_media_url":"https:\/\/i0.wp.com\/www.manquepierda.com\/historiarealbetis\/files\/2024\/08\/Alineacion-Betis-Girona-Liga-2019.jpg?fit=497%2C322&ssl=1","jetpack_sharing_enabled":true,"jetpack_shortlink":"https:\/\/wp.me\/p1ij08-oLJ","jetpack-related-posts":[],"_links":{"self":[{"href":"https:\/\/www.manquepierda.com\/historiarealbetis\/wp-json\/wp\/v2\/posts\/95215","targetHints":{"allow":["GET"]}}],"collection":[{"href":"https:\/\/www.manquepierda.com\/historiarealbetis\/wp-json\/wp\/v2\/posts"}],"about":[{"href":"https:\/\/www.manquepierda.com\/historiarealbetis\/wp-json\/wp\/v2\/types\/post"}],"author":[{"embeddable":true,"href":"https:\/\/www.manquepierda.com\/historiarealbetis\/wp-json\/wp\/v2\/users\/5"}],"replies":[{"embeddable":true,"href":"https:\/\/www.manquepierda.com\/historiarealbetis\/wp-json\/wp\/v2\/comments?post=95215"}],"version-history":[{"count":2,"href":"https:\/\/www.manquepierda.com\/historiarealbetis\/wp-json\/wp\/v2\/posts\/95215\/revisions"}],"predecessor-version":[{"id":95219,"href":"https:\/\/www.manquepierda.com\/historiarealbetis\/wp-json\/wp\/v2\/posts\/95215\/revisions\/95219"}],"wp:featuredmedia":[{"embeddable":true,"href":"https:\/\/www.manquepierda.com\/historiarealbetis\/wp-json\/wp\/v2\/media\/95216"}],"wp:attachment":[{"href":"https:\/\/www.manquepierda.com\/historiarealbetis\/wp-json\/wp\/v2\/media?parent=95215"}],"wp:term":[{"taxonomy":"category","embeddable":true,"href":"https:\/\/www.manquepierda.com\/historiarealbetis\/wp-json\/wp\/v2\/categories?post=95215"},{"taxonomy":"post_tag","embeddable":true,"href":"https:\/\/www.manquepierda.com\/historiarealbetis\/wp-json\/wp\/v2\/tags?post=95215"}],"curies":[{"name":"wp","href":"https:\/\/api.w.org\/{rel}","templated":true}]}}