{"id":95287,"date":"2024-09-04T11:00:00","date_gmt":"2024-09-04T09:00:00","guid":{"rendered":"https:\/\/www.manquepierda.com\/historiarealbetis\/?p=95287"},"modified":"2024-08-12T10:04:02","modified_gmt":"2024-08-12T08:04:02","slug":"analisis-del-betis-1984-85","status":"publish","type":"post","link":"https:\/\/www.manquepierda.com\/historiarealbetis\/analisis-del-betis-1984-85\/","title":{"rendered":"An\u00e1lisis del Betis 1984-85"},"content":{"rendered":"<div class=\"wp-block-image\">\n<figure class=\"aligncenter size-medium\"><img data-recalc-dims=\"1\" loading=\"lazy\" decoding=\"async\" width=\"680\" height=\"429\" src=\"https:\/\/i0.wp.com\/www.manquepierda.com\/historiarealbetis\/files\/2024\/08\/Plantilla-del-Betis-en-Cataluna-1984-NMP.jpg?resize=680%2C429&#038;ssl=1\" alt=\"\" class=\"wp-image-95288\" srcset=\"https:\/\/i0.wp.com\/www.manquepierda.com\/historiarealbetis\/files\/2024\/08\/Plantilla-del-Betis-en-Cataluna-1984-NMP.jpg?resize=680%2C429&amp;ssl=1 680w, https:\/\/i0.wp.com\/www.manquepierda.com\/historiarealbetis\/files\/2024\/08\/Plantilla-del-Betis-en-Cataluna-1984-NMP.jpg?resize=220%2C139&amp;ssl=1 220w, https:\/\/i0.wp.com\/www.manquepierda.com\/historiarealbetis\/files\/2024\/08\/Plantilla-del-Betis-en-Cataluna-1984-NMP.jpg?resize=768%2C485&amp;ssl=1 768w, https:\/\/i0.wp.com\/www.manquepierda.com\/historiarealbetis\/files\/2024\/08\/Plantilla-del-Betis-en-Cataluna-1984-NMP.jpg?w=892&amp;ssl=1 892w\" sizes=\"auto, (max-width: 680px) 100vw, 680px\" \/><\/figure>\n<\/div>\n\n<p>\u00a0<\/p>\n<p>La temporada 1984-85 se inici\u00f3 con la disputa de la primera jornada de Liga el domingo 2 de septiembre, que en el caso del Betis comenz\u00f3 con un empate a 0 en el Villamar\u00edn contra la Real Sociedad.<\/p>\n<p>En esa semana previa al inicio de la competici\u00f3n liguera la revista deportiva Don Bal\u00f3n public\u00f3 un an\u00e1lisis de los 18 clubs que conformaban la Primera Divisi\u00f3n, y que hoy traemos a Manquepierda. El Betis hab\u00eda sido quinto la temporada anterior y en la plantilla verdiblanca hab\u00eda habido una gran continuidad. Las bajas de Canito y Melchor, al Zaragoza y Mallorca respectivamente, eran las m\u00e1s significativas, mientras que en el capitulo de altas Carmelo y Romo, que regresaban despu\u00e9s de una cesi\u00f3n en el Recreativo, y Valdo, procedente del Granada, eran las \u00fanicas novedades.<\/p>\n<p>Como se destaca en el an\u00e1lisis el once inicial estaba m\u00e1s que definido, y hab\u00eda pocas alternativas destacables en el banquillo.<\/p>\n<p>El club ten\u00eda ese a\u00f1o la novedad de disputar competici\u00f3n europea, gracias a su quinto puesto liguero, cuando jugar en Europa era bastante infrecuente.<\/p>\n<p><span style=\"color: #008000\"><em><strong>Entrenador<\/strong>: Pepe Alzate (Sigue). Esta ser\u00e1 su segunda temporada. En el Villamar\u00edn redonde\u00f3 un excelente trabajo formando un equipo capaz de dar, al mismo tiempo, espect\u00e1culo y rendimiento.<\/em><\/span><\/p>\n<p><span style=\"color: #008000\"><em><strong>Porter\u00eda<\/strong>: Aqu\u00ed no hay discusi\u00f3n. Esnaola ser\u00e1, por en\u00e9sima temporada, titular. Tiene 38 a\u00f1os, el jugador m\u00e1s veterano de la Liga, pero sigue siendo un portero complet\u00edsimo con reflejos y excelente colocaci\u00f3n. Entre Barroso y Barandica, que lleg\u00f3 a Sevilla procedente de Osasuna y recomendado por Alzate, se disputar\u00e1n la suplencia.<\/em><\/span><\/p>\n<p><span style=\"color: #008000\"><em><strong>Defensa:<\/strong> Tras la baja de Canito tambi\u00e9n es una l\u00ednea muy definida. En la derecha, el efectivo Diego. Marcando, Alex. Como libre Mantilla que, dicho sea de paso, es mortal por necesidad en los remates de cabeza y siempre acude en busca de la pelota que lanza, desde la esquina, Carde\u00f1osa. En la izquierda, por supuesto, el inagotable y omnipresente Rafael Gordillo. Francis y Carmelo son los aspirantes m\u00e1s cualificados para suplir cualquier contingencia.<\/em><\/span><\/p>\n<p><span style=\"color: #008000\"><em><strong>Centrocampo:<\/strong> Un a\u00f1o m\u00e1s todo seguir\u00e1 girando en torno a ese privilegio del f\u00fatbol que se llama Carde\u00f1osa. Para rodear al \u201cFlaco\u201d, Alzate dispone de un excelente tr\u00edo que combina el arte y la t\u00e9cnica. Los elegidos ser\u00e1n Parra, Su\u00e1rez y Antol\u00edn Ortega. Tras ellos\u2026el banquillo para Romo, Casado y los chavelas del Betis Deportivo que siempre est\u00e1n en el punto de mira del entrenador.<\/em><\/span><\/p>\n<p><span style=\"color: #008000\"><em><strong>Delantera:<\/strong> El Betis puede presumir, y presume, de tener un extranjero de muchos quilates: Calder\u00f3n. El argentino es un exterior zurdo de lo mejorcito que ha venido a Espa\u00f1a. Se entiende a las mil maravillas con el resolutivo Paco. Rinc\u00f3n, por la derecha, se perfila como el tercer hombre, pero atenci\u00f3n a Valdo, que llega procedente del Granada y est\u00e1 realizando una prometedora y goleadora pretemporada. Es un hombre que en cualquier momento puede afincarse en la formaci\u00f3n titular.<\/em><\/span><\/p>\n<p><span style=\"color: #008000\"><em>Objetivo: El Eurobetis luchar\u00e1 en dos frentes: la Copa de la UEFA y la Liga. En la primera competici\u00f3n su objetivo, sin obsesiones, es llegar lo m\u00e1s lejos posible. En el campeonato nacional el list\u00f3n est\u00e1 m\u00e1s alto. Se trata de mejorar la campa\u00f1a anterior. Sus jugadores est\u00e1n convencidos de que hay equipo para aspirar al m\u00e1ximo. No hay para tanto, pero desde luego s\u00ed lo suficiente para, en el momento menos pensado, ganarle a quien se le ponga por delante. El h\u00e1ndicap del Betis es el banquillo, pues hay demasiada diferencia entre sus titulares y los suplentes\u2026<\/em><\/span><\/p>\n<p>\u00a0\u00a0<\/p>\n<p>\u00a0<\/p>\n<p>\u00a0\u00a0<\/p>","protected":false},"excerpt":{"rendered":"<p>\u00a0 La temporada 1984-85 se inici\u00f3 con la disputa de la primera jornada de Liga el domingo 2 de septiembre, que en el caso del Betis comenz\u00f3 con un empate a 0 en el Villamar\u00edn contra la Real Sociedad. En esa semana previa al inicio de la competici\u00f3n liguera la revista deportiva Don Bal\u00f3n public\u00f3&#8230;<\/p>\n","protected":false},"author":5,"featured_media":95288,"comment_status":"open","ping_status":"open","sticky":false,"template":"","format":"standard","meta":{"_kad_post_transparent":"","_kad_post_title":"","_kad_post_layout":"","_kad_post_sidebar_id":"","_kad_post_content_style":"","_kad_post_vertical_padding":"","_kad_post_feature":"","_kad_post_feature_position":"","_kad_post_header":false,"_kad_post_footer":false,"_kad_post_classname":"","_jetpack_memberships_contains_paid_content":false,"footnotes":"","jetpack_publicize_message":"","jetpack_publicize_feature_enabled":true,"jetpack_social_post_already_shared":true,"jetpack_social_options":{"image_generator_settings":{"template":"highway","default_image_id":0,"font":"","enabled":false},"version":2}},"categories":[904,1],"tags":[2251],"class_list":["post-95287","post","type-post","status-publish","format-standard","has-post-thumbnail","hentry","category-1980-1989","category-portada","tag-1984-85"],"jetpack_publicize_connections":[],"jetpack_featured_media_url":"https:\/\/i0.wp.com\/www.manquepierda.com\/historiarealbetis\/files\/2024\/08\/Plantilla-del-Betis-en-Cataluna-1984-NMP.jpg?fit=892%2C563&ssl=1","jetpack_sharing_enabled":true,"jetpack_shortlink":"https:\/\/wp.me\/p1ij08-oMT","jetpack-related-posts":[],"_links":{"self":[{"href":"https:\/\/www.manquepierda.com\/historiarealbetis\/wp-json\/wp\/v2\/posts\/95287","targetHints":{"allow":["GET"]}}],"collection":[{"href":"https:\/\/www.manquepierda.com\/historiarealbetis\/wp-json\/wp\/v2\/posts"}],"about":[{"href":"https:\/\/www.manquepierda.com\/historiarealbetis\/wp-json\/wp\/v2\/types\/post"}],"author":[{"embeddable":true,"href":"https:\/\/www.manquepierda.com\/historiarealbetis\/wp-json\/wp\/v2\/users\/5"}],"replies":[{"embeddable":true,"href":"https:\/\/www.manquepierda.com\/historiarealbetis\/wp-json\/wp\/v2\/comments?post=95287"}],"version-history":[{"count":1,"href":"https:\/\/www.manquepierda.com\/historiarealbetis\/wp-json\/wp\/v2\/posts\/95287\/revisions"}],"predecessor-version":[{"id":95289,"href":"https:\/\/www.manquepierda.com\/historiarealbetis\/wp-json\/wp\/v2\/posts\/95287\/revisions\/95289"}],"wp:featuredmedia":[{"embeddable":true,"href":"https:\/\/www.manquepierda.com\/historiarealbetis\/wp-json\/wp\/v2\/media\/95288"}],"wp:attachment":[{"href":"https:\/\/www.manquepierda.com\/historiarealbetis\/wp-json\/wp\/v2\/media?parent=95287"}],"wp:term":[{"taxonomy":"category","embeddable":true,"href":"https:\/\/www.manquepierda.com\/historiarealbetis\/wp-json\/wp\/v2\/categories?post=95287"},{"taxonomy":"post_tag","embeddable":true,"href":"https:\/\/www.manquepierda.com\/historiarealbetis\/wp-json\/wp\/v2\/tags?post=95287"}],"curies":[{"name":"wp","href":"https:\/\/api.w.org\/{rel}","templated":true}]}}