{"id":95290,"date":"2024-08-15T11:00:00","date_gmt":"2024-08-15T09:00:00","guid":{"rendered":"https:\/\/www.manquepierda.com\/historiarealbetis\/?p=95290"},"modified":"2024-10-21T23:47:26","modified_gmt":"2024-10-21T21:47:26","slug":"nos-visita-el-girona-fc-5","status":"publish","type":"post","link":"https:\/\/www.manquepierda.com\/historiarealbetis\/nos-visita-el-girona-fc-5\/","title":{"rendered":"Nos visita el Girona FC"},"content":{"rendered":"<div class=\"wp-block-image\">\n<figure class=\"aligncenter size-full is-resized\"><img data-recalc-dims=\"1\" loading=\"lazy\" decoding=\"async\" width=\"324\" height=\"216\" src=\"https:\/\/i0.wp.com\/www.manquepierda.com\/historiarealbetis\/files\/2024\/08\/Bandera-Girona.png?resize=324%2C216&#038;ssl=1\" alt=\"\" class=\"wp-image-95291\" style=\"width:504px;height:auto\" srcset=\"https:\/\/i0.wp.com\/www.manquepierda.com\/historiarealbetis\/files\/2024\/08\/Bandera-Girona.png?w=324&amp;ssl=1 324w, https:\/\/i0.wp.com\/www.manquepierda.com\/historiarealbetis\/files\/2024\/08\/Bandera-Girona.png?resize=220%2C147&amp;ssl=1 220w\" sizes=\"auto, (max-width: 324px) 100vw, 324px\" \/><\/figure>\n<\/div>\n\n<p>Nos visita hoy a las 21,30 horas el Girona F\u00fatbol Club, fundado en 1930 y que ha disputado 5 temporadas en Primera Divisi\u00f3n, 24 en Segunda, 13 en Segunda B y 44 en Tercera.<\/p>\n<p>Fue el 17 de mayo de 1936 la primera vez que jug\u00f3 en Sevilla contra el Betis, con ocasi\u00f3n del partido de vuelta de los octavos de final de la Copa y que concluy\u00f3 con victoria verdiblanca por 3 a 2.<\/p>\n<p>Han sido hasta ahora 9 las ocasiones en que el Girona ha visitado terreno b\u00e9tico, as\u00ed repartidas: 4 partidos en Primera Divisi\u00f3n, con 2 victorias b\u00e9ticas y 2 empates, 4 partidos en Segunda Divisi\u00f3n (3 victorias b\u00e9ticas y 1 gerundense) y 1 partido de Copa, con victoria local.<\/p>\n<p>El Betis ha alineado a 99 jugadores en estos 9 encuentros, siendo Sergio Le\u00f3n y Andr\u00e9s Guardado en 3 ocasiones los que m\u00e1s has participado, seguidos por Ad\u00e1n, Borja Iglesias, Canales, Carvalho, Fabi\u00e1n, Goitia,Javi Garc\u00eda, Juanma, Jorge Molina, Nacho, Peral, Pezzella, Rodri, Rub\u00e9n Castro, Ruibal, Rui Silva, Sanabria, Tello, Valera y Willian Jos\u00e9 que lo hicieron en dos ocasiones.<\/p>\n<p>16 son los goleadores b\u00e9ticos en estos partidos, con Borja Iglesias, Francisco Gonz\u00e1lez \u201cPaquirri\u201d y Cristian Tello con 2 tantos, y 6 son los entrenadores que han dirigido el Betis en terreno b\u00e9tico, con Pepe Mel, Quique Seti\u00e9n y Manuel Pellegrini al frente con 2 partidos cada uno de ellos.<\/p>\n<p>El t\u00e9cnico del Girona, Miguel \u00c1ngel S\u00e1nchez \u201cMichel\u201d, se ha enfrentado al Betis en 6 partidos, en 1 ocasi\u00f3n con el Rayo Vallecano, en otra con el Huesca y en 4 con el Girona, con un balance de 1 victoria, 1 empate y 4 derrotas ante el Betis. \u00a0<\/p>\n<p>Entre los jugadores que han militado en ambos equipos podemos mencionar a Enrique Besc\u00f3s, Francisco G\u00f3mez, Felipe Mart\u00edn, Iv\u00e1n P\u00e9rez, Manuel Jim\u00e9nez, Jos\u00e9 Rancel, Antonio S\u00e1nchez y Juan Trujillo.<\/p>\n<p>Entre los entrenadores Domingo Balmanya, Pedro Sol\u00e9, Jos\u00e9 Mar\u00eda Nogu\u00e9s y Joan Francesc \u00abRub\u00ed\u00bb.<\/p>","protected":false},"excerpt":{"rendered":"<p>Nos visita hoy a las 21,30 horas el Girona F\u00fatbol Club, fundado en 1930 y que ha disputado 5 temporadas en Primera Divisi\u00f3n, 24 en Segunda, 13 en Segunda B y 44 en Tercera. Fue el 17 de mayo de 1936 la primera vez que jug\u00f3 en Sevilla contra el Betis, con ocasi\u00f3n del partido&#8230;<\/p>\n","protected":false},"author":5,"featured_media":95291,"comment_status":"open","ping_status":"open","sticky":false,"template":"","format":"standard","meta":{"_kad_post_transparent":"","_kad_post_title":"","_kad_post_layout":"","_kad_post_sidebar_id":"","_kad_post_content_style":"","_kad_post_vertical_padding":"","_kad_post_feature":"","_kad_post_feature_position":"","_kad_post_header":false,"_kad_post_footer":false,"_kad_post_classname":"","_jetpack_memberships_contains_paid_content":false,"footnotes":"","jetpack_publicize_message":"","jetpack_publicize_feature_enabled":true,"jetpack_social_post_already_shared":true,"jetpack_social_options":{"image_generator_settings":{"template":"highway","default_image_id":0,"font":"","enabled":false},"version":2}},"categories":[895,1],"tags":[965,18207,1934,15784,1170,16551,2424,16931,18521,1315,1482,1453,8381,3856],"class_list":["post-95290","post","type-post","status-publish","format-standard","has-post-thumbnail","hentry","category-los-rivales","category-portada","tag-antonio-sanchez","tag-domingo-balmanya","tag-enrique-bescos","tag-felipe-martin","tag-francisco-gomez","tag-girona-fc","tag-ivan-perez","tag-joan-francesc-ferrer-rubi","tag-jose-luis-marin","tag-jose-maria-nogues","tag-jose-rancel","tag-juan-trujillo","tag-manuel-jimenez","tag-pedro-sole"],"jetpack_publicize_connections":[],"jetpack_featured_media_url":"https:\/\/i0.wp.com\/www.manquepierda.com\/historiarealbetis\/files\/2024\/08\/Bandera-Girona.png?fit=324%2C216&ssl=1","jetpack_sharing_enabled":true,"jetpack_shortlink":"https:\/\/wp.me\/p1ij08-oMW","jetpack-related-posts":[],"_links":{"self":[{"href":"https:\/\/www.manquepierda.com\/historiarealbetis\/wp-json\/wp\/v2\/posts\/95290","targetHints":{"allow":["GET"]}}],"collection":[{"href":"https:\/\/www.manquepierda.com\/historiarealbetis\/wp-json\/wp\/v2\/posts"}],"about":[{"href":"https:\/\/www.manquepierda.com\/historiarealbetis\/wp-json\/wp\/v2\/types\/post"}],"author":[{"embeddable":true,"href":"https:\/\/www.manquepierda.com\/historiarealbetis\/wp-json\/wp\/v2\/users\/5"}],"replies":[{"embeddable":true,"href":"https:\/\/www.manquepierda.com\/historiarealbetis\/wp-json\/wp\/v2\/comments?post=95290"}],"version-history":[{"count":4,"href":"https:\/\/www.manquepierda.com\/historiarealbetis\/wp-json\/wp\/v2\/posts\/95290\/revisions"}],"predecessor-version":[{"id":96863,"href":"https:\/\/www.manquepierda.com\/historiarealbetis\/wp-json\/wp\/v2\/posts\/95290\/revisions\/96863"}],"wp:featuredmedia":[{"embeddable":true,"href":"https:\/\/www.manquepierda.com\/historiarealbetis\/wp-json\/wp\/v2\/media\/95291"}],"wp:attachment":[{"href":"https:\/\/www.manquepierda.com\/historiarealbetis\/wp-json\/wp\/v2\/media?parent=95290"}],"wp:term":[{"taxonomy":"category","embeddable":true,"href":"https:\/\/www.manquepierda.com\/historiarealbetis\/wp-json\/wp\/v2\/categories?post=95290"},{"taxonomy":"post_tag","embeddable":true,"href":"https:\/\/www.manquepierda.com\/historiarealbetis\/wp-json\/wp\/v2\/tags?post=95290"}],"curies":[{"name":"wp","href":"https:\/\/api.w.org\/{rel}","templated":true}]}}