{"id":95351,"date":"2024-08-30T11:00:00","date_gmt":"2024-08-30T09:00:00","guid":{"rendered":"https:\/\/www.manquepierda.com\/historiarealbetis\/?p=95351"},"modified":"2024-08-09T19:08:54","modified_gmt":"2024-08-09T17:08:54","slug":"alineacion-real-madrid-betis-liga-1963-2","status":"publish","type":"post","link":"https:\/\/www.manquepierda.com\/historiarealbetis\/alineacion-real-madrid-betis-liga-1963-2\/","title":{"rendered":"Alineaci\u00f3n Real Madrid-Betis Liga 1963"},"content":{"rendered":"<div class=\"wp-block-image\">\n<figure class=\"aligncenter size-full is-resized\"><img data-recalc-dims=\"1\" loading=\"lazy\" decoding=\"async\" width=\"345\" height=\"249\" src=\"https:\/\/i0.wp.com\/www.manquepierda.com\/historiarealbetis\/files\/2024\/08\/Alineacion-Real-Madrid-Betis-Liga-1963-2-.jpg?resize=345%2C249&#038;ssl=1\" alt=\"\" class=\"wp-image-95352\" style=\"width:545px;height:auto\" srcset=\"https:\/\/i0.wp.com\/www.manquepierda.com\/historiarealbetis\/files\/2024\/08\/Alineacion-Real-Madrid-Betis-Liga-1963-2-.jpg?w=345&amp;ssl=1 345w, https:\/\/i0.wp.com\/www.manquepierda.com\/historiarealbetis\/files\/2024\/08\/Alineacion-Real-Madrid-Betis-Liga-1963-2-.jpg?resize=220%2C159&amp;ssl=1 220w\" sizes=\"auto, (max-width: 345px) 100vw, 345px\" \/><\/figure>\n<\/div>\n\n<p>\u00a0<\/p>\n<p>20 de octubre de 1963 en el Santiago Bernab\u00e9u Real Madrid 1 Betis 1; jornada 6 del Campeonato de Liga de Primera Divisi\u00f3n.<\/p>\n<p>En la imagen arriba Pep\u00edn, Colo, R\u00edos, Montaner, Grau y Mart\u00ednez; abajo Lasa, Luis, Ansola, Kuszmann y Molina.<\/p>\n<p>\u00a0Di St\u00e9fano en el minuto 19 puso por delante a los locales, empatando Molina en el 26.<\/p>\n<p>Miguel Mu\u00f1oz entrenaba al Real Madrid y Domingo Balmanya al Betis.\u00a0<\/p>","protected":false},"excerpt":{"rendered":"<p>\u00a0 20 de octubre de 1963 en el Santiago Bernab\u00e9u Real Madrid 1 Betis 1; jornada 6 del Campeonato de Liga de Primera Divisi\u00f3n. En la imagen arriba Pep\u00edn, Colo, R\u00edos, Montaner, Grau y Mart\u00ednez; abajo Lasa, Luis, Ansola, Kuszmann y Molina. \u00a0Di St\u00e9fano en el minuto 19 puso por delante a los locales, empatando&#8230;<\/p>\n","protected":false},"author":5,"featured_media":95352,"comment_status":"open","ping_status":"open","sticky":false,"template":"","format":"standard","meta":{"_kad_post_transparent":"","_kad_post_title":"","_kad_post_layout":"","_kad_post_sidebar_id":"","_kad_post_content_style":"","_kad_post_vertical_padding":"","_kad_post_feature":"","_kad_post_feature_position":"","_kad_post_header":false,"_kad_post_footer":false,"_kad_post_classname":"","_jetpack_memberships_contains_paid_content":false,"footnotes":"","jetpack_publicize_message":"","jetpack_publicize_feature_enabled":true,"jetpack_social_post_already_shared":true,"jetpack_social_options":{"image_generator_settings":{"template":"highway","default_image_id":0,"font":"","enabled":false},"version":2}},"categories":[902,1],"tags":[4281,5078,1370,1212,2903,1615,3508,1336,2203,4118,1474,1319,17829,1456,13362],"class_list":["post-95351","post","type-post","status-publish","format-standard","has-post-thumbnail","hentry","category-1960-1969","category-portada","tag-4281","tag-1963-64","tag-andres-molina","tag-eusebio-rios","tag-fernando-ansola","tag-francisco-grau","tag-janos-kuszmann","tag-jose-casas-pepin","tag-jose-maria-garcia-montaner","tag-jose-miguel-martinez","tag-julio-santaella-colo","tag-leon-lasa","tag-liga-primera-1963-64","tag-luis-aragones","tag-real-madrid-cf"],"jetpack_publicize_connections":[],"jetpack_featured_media_url":"https:\/\/i0.wp.com\/www.manquepierda.com\/historiarealbetis\/files\/2024\/08\/Alineacion-Real-Madrid-Betis-Liga-1963-2-.jpg?fit=345%2C249&ssl=1","jetpack_sharing_enabled":true,"jetpack_shortlink":"https:\/\/wp.me\/p1ij08-oNV","jetpack-related-posts":[],"_links":{"self":[{"href":"https:\/\/www.manquepierda.com\/historiarealbetis\/wp-json\/wp\/v2\/posts\/95351","targetHints":{"allow":["GET"]}}],"collection":[{"href":"https:\/\/www.manquepierda.com\/historiarealbetis\/wp-json\/wp\/v2\/posts"}],"about":[{"href":"https:\/\/www.manquepierda.com\/historiarealbetis\/wp-json\/wp\/v2\/types\/post"}],"author":[{"embeddable":true,"href":"https:\/\/www.manquepierda.com\/historiarealbetis\/wp-json\/wp\/v2\/users\/5"}],"replies":[{"embeddable":true,"href":"https:\/\/www.manquepierda.com\/historiarealbetis\/wp-json\/wp\/v2\/comments?post=95351"}],"version-history":[{"count":1,"href":"https:\/\/www.manquepierda.com\/historiarealbetis\/wp-json\/wp\/v2\/posts\/95351\/revisions"}],"predecessor-version":[{"id":95353,"href":"https:\/\/www.manquepierda.com\/historiarealbetis\/wp-json\/wp\/v2\/posts\/95351\/revisions\/95353"}],"wp:featuredmedia":[{"embeddable":true,"href":"https:\/\/www.manquepierda.com\/historiarealbetis\/wp-json\/wp\/v2\/media\/95352"}],"wp:attachment":[{"href":"https:\/\/www.manquepierda.com\/historiarealbetis\/wp-json\/wp\/v2\/media?parent=95351"}],"wp:term":[{"taxonomy":"category","embeddable":true,"href":"https:\/\/www.manquepierda.com\/historiarealbetis\/wp-json\/wp\/v2\/categories?post=95351"},{"taxonomy":"post_tag","embeddable":true,"href":"https:\/\/www.manquepierda.com\/historiarealbetis\/wp-json\/wp\/v2\/tags?post=95351"}],"curies":[{"name":"wp","href":"https:\/\/api.w.org\/{rel}","templated":true}]}}