{"id":95364,"date":"2024-08-20T11:00:00","date_gmt":"2024-08-20T09:00:00","guid":{"rendered":"https:\/\/www.manquepierda.com\/historiarealbetis\/?p=95364"},"modified":"2024-08-09T19:12:38","modified_gmt":"2024-08-09T17:12:38","slug":"anuncio-betis-cartagena-copa-1926","status":"publish","type":"post","link":"https:\/\/www.manquepierda.com\/historiarealbetis\/anuncio-betis-cartagena-copa-1926\/","title":{"rendered":"Anuncio Betis-Cartagena Copa 1926"},"content":{"rendered":"<div class=\"wp-block-image\">\n<figure class=\"aligncenter size-full\"><img data-recalc-dims=\"1\" loading=\"lazy\" decoding=\"async\" width=\"541\" height=\"465\" src=\"https:\/\/i0.wp.com\/www.manquepierda.com\/historiarealbetis\/files\/2024\/08\/Anuncio-Betis-Cartagena-Copa-1926.jpg?resize=541%2C465&#038;ssl=1\" alt=\"\" class=\"wp-image-95365\" srcset=\"https:\/\/i0.wp.com\/www.manquepierda.com\/historiarealbetis\/files\/2024\/08\/Anuncio-Betis-Cartagena-Copa-1926.jpg?w=541&amp;ssl=1 541w, https:\/\/i0.wp.com\/www.manquepierda.com\/historiarealbetis\/files\/2024\/08\/Anuncio-Betis-Cartagena-Copa-1926.jpg?resize=220%2C189&amp;ssl=1 220w\" sizes=\"auto, (max-width: 541px) 100vw, 541px\" \/><\/figure>\n<\/div>\n\n<p>Anuncio del Betis-Cartagena a disputar en el campo del Patronato el 28 de febrero correspondiente a la Copa de 1926.<\/p>\n<p>Se trata del debut hist\u00f3rico del Real Betis Balompi\u00e9 en esta competici\u00f3n, en la que participaba como subcamp\u00e9on de Andaluc\u00eda, quedando encuadrado en un grupo junto al Cartagena, subcampe\u00f3n de Murcia, y el Athletic de Madrid, subcampe\u00f3n del Centro.<\/p>\n<p>Como podemos leer en el anuncio las localidades para el partido se vend\u00edan en el Bar Jerezano, ubicado en la calle Fern\u00e1ndez y Gonz\u00e1lez, y que fue el centro de reuni\u00f3n del beticismo en los a\u00f1os 20 y 30.<\/p>\n<p>El partido lo gan\u00f3 el Betis por 3 a 0, con 2 tantos de \u00c1lvarez y 1 de Carrasco.\u00a0<\/p>","protected":false},"excerpt":{"rendered":"<p>Anuncio del Betis-Cartagena a disputar en el campo del Patronato el 28 de febrero correspondiente a la Copa de 1926. Se trata del debut hist\u00f3rico del Real Betis Balompi\u00e9 en esta competici\u00f3n, en la que participaba como subcamp\u00e9on de Andaluc\u00eda, quedando encuadrado en un grupo junto al Cartagena, subcampe\u00f3n de Murcia, y el Athletic de&#8230;<\/p>\n","protected":false},"author":5,"featured_media":95365,"comment_status":"open","ping_status":"open","sticky":false,"template":"","format":"standard","meta":{"_kad_post_transparent":"","_kad_post_title":"","_kad_post_layout":"","_kad_post_sidebar_id":"","_kad_post_content_style":"","_kad_post_vertical_padding":"","_kad_post_feature":"","_kad_post_feature_position":"","_kad_post_header":false,"_kad_post_footer":false,"_kad_post_classname":"","_jetpack_memberships_contains_paid_content":false,"footnotes":"","jetpack_publicize_message":"","jetpack_publicize_feature_enabled":true,"jetpack_social_post_already_shared":true,"jetpack_social_options":{"image_generator_settings":{"template":"highway","default_image_id":0,"font":"","enabled":false},"version":2}},"categories":[898,1],"tags":[12730,1251,1188,17916],"class_list":["post-95364","post","type-post","status-publish","format-standard","has-post-thumbnail","hentry","category-1920-1929","category-portada","tag-1925-26","tag-1251","tag-cartagena-fc","tag-copa-1925-26"],"jetpack_publicize_connections":[],"jetpack_featured_media_url":"https:\/\/i0.wp.com\/www.manquepierda.com\/historiarealbetis\/files\/2024\/08\/Anuncio-Betis-Cartagena-Copa-1926.jpg?fit=541%2C465&ssl=1","jetpack_sharing_enabled":true,"jetpack_shortlink":"https:\/\/wp.me\/p1ij08-oO8","jetpack-related-posts":[],"_links":{"self":[{"href":"https:\/\/www.manquepierda.com\/historiarealbetis\/wp-json\/wp\/v2\/posts\/95364","targetHints":{"allow":["GET"]}}],"collection":[{"href":"https:\/\/www.manquepierda.com\/historiarealbetis\/wp-json\/wp\/v2\/posts"}],"about":[{"href":"https:\/\/www.manquepierda.com\/historiarealbetis\/wp-json\/wp\/v2\/types\/post"}],"author":[{"embeddable":true,"href":"https:\/\/www.manquepierda.com\/historiarealbetis\/wp-json\/wp\/v2\/users\/5"}],"replies":[{"embeddable":true,"href":"https:\/\/www.manquepierda.com\/historiarealbetis\/wp-json\/wp\/v2\/comments?post=95364"}],"version-history":[{"count":1,"href":"https:\/\/www.manquepierda.com\/historiarealbetis\/wp-json\/wp\/v2\/posts\/95364\/revisions"}],"predecessor-version":[{"id":95366,"href":"https:\/\/www.manquepierda.com\/historiarealbetis\/wp-json\/wp\/v2\/posts\/95364\/revisions\/95366"}],"wp:featuredmedia":[{"embeddable":true,"href":"https:\/\/www.manquepierda.com\/historiarealbetis\/wp-json\/wp\/v2\/media\/95365"}],"wp:attachment":[{"href":"https:\/\/www.manquepierda.com\/historiarealbetis\/wp-json\/wp\/v2\/media?parent=95364"}],"wp:term":[{"taxonomy":"category","embeddable":true,"href":"https:\/\/www.manquepierda.com\/historiarealbetis\/wp-json\/wp\/v2\/categories?post=95364"},{"taxonomy":"post_tag","embeddable":true,"href":"https:\/\/www.manquepierda.com\/historiarealbetis\/wp-json\/wp\/v2\/tags?post=95364"}],"curies":[{"name":"wp","href":"https:\/\/api.w.org\/{rel}","templated":true}]}}