{"id":95524,"date":"2024-08-19T11:00:00","date_gmt":"2024-08-19T09:00:00","guid":{"rendered":"https:\/\/www.manquepierda.com\/historiarealbetis\/?p=95524"},"modified":"2024-08-19T11:55:40","modified_gmt":"2024-08-19T09:55:40","slug":"entrevista-lorenzo-serra-1997-2","status":"publish","type":"post","link":"https:\/\/www.manquepierda.com\/historiarealbetis\/entrevista-lorenzo-serra-1997-2\/","title":{"rendered":"Entrevista Lorenzo Serra 1997"},"content":{"rendered":"<div class=\"wp-block-image\">\n<figure class=\"aligncenter size-large\"><img data-recalc-dims=\"1\" loading=\"lazy\" decoding=\"async\" width=\"504\" height=\"700\" src=\"https:\/\/i0.wp.com\/www.manquepierda.com\/historiarealbetis\/files\/2024\/08\/Entrevista-Lorenzo-Serra-1997-NMP-Diario-16-Andalucia-30-06-1997.jpg?resize=504%2C700&#038;ssl=1\" alt=\"\" class=\"wp-image-95525\" srcset=\"https:\/\/i0.wp.com\/www.manquepierda.com\/historiarealbetis\/files\/2024\/08\/Entrevista-Lorenzo-Serra-1997-NMP-Diario-16-Andalucia-30-06-1997-scaled.jpg?resize=504%2C700&amp;ssl=1 504w, https:\/\/i0.wp.com\/www.manquepierda.com\/historiarealbetis\/files\/2024\/08\/Entrevista-Lorenzo-Serra-1997-NMP-Diario-16-Andalucia-30-06-1997-scaled.jpg?resize=432%2C600&amp;ssl=1 432w, https:\/\/i0.wp.com\/www.manquepierda.com\/historiarealbetis\/files\/2024\/08\/Entrevista-Lorenzo-Serra-1997-NMP-Diario-16-Andalucia-30-06-1997-scaled.jpg?resize=158%2C220&amp;ssl=1 158w, https:\/\/i0.wp.com\/www.manquepierda.com\/historiarealbetis\/files\/2024\/08\/Entrevista-Lorenzo-Serra-1997-NMP-Diario-16-Andalucia-30-06-1997-scaled.jpg?resize=768%2C1067&amp;ssl=1 768w, https:\/\/i0.wp.com\/www.manquepierda.com\/historiarealbetis\/files\/2024\/08\/Entrevista-Lorenzo-Serra-1997-NMP-Diario-16-Andalucia-30-06-1997-scaled.jpg?resize=1106%2C1536&amp;ssl=1 1106w, https:\/\/i0.wp.com\/www.manquepierda.com\/historiarealbetis\/files\/2024\/08\/Entrevista-Lorenzo-Serra-1997-NMP-Diario-16-Andalucia-30-06-1997-scaled.jpg?resize=1475%2C2048&amp;ssl=1 1475w, https:\/\/i0.wp.com\/www.manquepierda.com\/historiarealbetis\/files\/2024\/08\/Entrevista-Lorenzo-Serra-1997-NMP-Diario-16-Andalucia-30-06-1997-scaled.jpg?w=1843&amp;ssl=1 1843w\" sizes=\"auto, (max-width: 504px) 100vw, 504px\" \/><\/figure>\n<\/div>\n\n<p>El domingo 29 de junio de 1997 el Betis regres\u00f3 a Sevilla despu\u00e9s de haber jugado y perdido la final de Copa contra el FC Barcelona. Una derrota inmerecida y especialmente dolorosa, ya que el equipo verdiblanco se puso por delante a falta de 8 minutos y ya parec\u00eda que se iba a ganar el t\u00edtulo&#8230;<\/p>\n<p>Ese viaje, tal como se dice en la entrevista que hoy traemos, era el \u00faltimo de Lorenzo Serra con el Betis, ya que al d\u00eda siguiente se cumplir\u00eda el contrato que le ligaba a la entidad verdiblanca. Y en ese viaje de vuelta a Sevilla fue entrevistado para Diario 16 Andaluc\u00eda por el periodista Luis Carlos Peris.<\/p>\n<p>Una entrevista que serv\u00eda para hacer un balance de esta primera \u00e9poca de Lorenzo Serra en el Betis, que se extendi\u00f3 desde finales de febrero de 1994 al mes de junio de 1997. Una \u00e9poca de vino y rosas, cimentada en el magn\u00edfico trabajo de Serra en el aspecto t\u00e9cnico, pero tambi\u00e9n en el buen rumbo que llevaba la entidad y la afici\u00f3n.<\/p>\n<p><span style=\"color: #008000\"><em>Es el \u00faltimo viaje de Lorenzo Serra como entrenador del Betis. Si las despedidas suaves suelen ser trances dolorosos, el dolor se acrecienta en los viajes de vueltas de las derrotas. Es el retorno de una derrota digna, pero terriblemente dolorosa. Es la vuelta de una desilusi\u00f3n, pero de una desilusi\u00f3n dignificada por el rendimiento de un equipo al que Lorenzo desacostumbr\u00f3 a la derrota. <\/em><\/span><\/p>\n<p><span style=\"color: #008000\"><em>Es un viaje y una despedida, es el \u00faltimo AVE de Lorenzo Serra como capit\u00e1n de la nave verdiblanca. Y mientras el tren busca vertiginosamente Sevilla, Lorenzo Serra desgrana sus pensamientos, hace balance de lo realizado y aprieta los dientes para que el coraz\u00f3n no juegue contra la mente.<\/em><\/span><\/p>\n<ul>\n<li><span style=\"color: #008000\"><em>\u00bfQu\u00e9 sinti\u00f3 al recoger la plata de subcampe\u00f3n?<\/em><\/span><\/li>\n<li><span style=\"color: #008000\"><em>Decepci\u00f3n y tristeza, pero con muchas dosis de satisfacci\u00f3n por el deber cumplido<\/em><\/span><\/li>\n<li><span style=\"color: #008000\"><em>\u00bfCumpli\u00f3 el Betis con todo su deber?<\/em><\/span><\/li>\n<li><span style=\"color: #008000\"><em>Hombre, yo creo que no cabe la menor duda de que el Betis cay\u00f3 con la cabeza alta, con una tremenda dignidad y con sello de equipo grande. Y ha ca\u00eddo ante un equipo muy poderoso en la final de las finales, en una final como no se recordaba otra desde hace mucho tiempo<\/em><\/span><\/li>\n<li><span style=\"color: #008000\"><em>\u00bfVio en alg\u00fan momento la Copa en poder del Betis?<\/em><\/span><\/li>\n<li><span style=\"color: #008000\"><em>S\u00ed, por supuesto que s\u00ed. Cuando Finidi hace el segundo gol, yo estoy convencido de que la Copa se viene con nosotros. Quedaban pocos minutos y no pod\u00eda pensar que fu\u00e9semos a perder<\/em><\/span><\/li>\n<li><span style=\"color: #008000\"><em>Pero el Betis ha tenido su cruz en los minutos finales\u2026<\/em><\/span><\/li>\n<li><span style=\"color: #008000\"><em>Es evidente. Las estad\u00edsticas hablan muy claro de que los tramos finales de los partidos han sido mortales para nosotros, pero \u00bfc\u00f3mo iba a pensar que nos iba a pasar una vez m\u00e1s lo mismo?<\/em><\/span><\/li>\n<li><span style=\"color: #008000\"><em>La clave para no ser campe\u00f3n de Copa\u2026<\/em><\/span><\/li>\n<li><span style=\"color: #008000\"><em>El gol de Pizzi y, posiblemente, la lesi\u00f3n de Finidi. Finidi se lesion\u00f3 al marcar el gol y a partir de ah\u00ed jugamos con un hombre menos. Jugar con diez hombres frente al Bar\u00e7a es muy complicado, y exige un esfuerzo extraordinario. Pero ese gol de Pizzi cuando ten\u00edamos a cuatro o cinco centrales en cancha nos destroz\u00f3. Previendo que iban a meternos balones por arriba saqu\u00e9 a Ol\u00edas, que se uni\u00f3 a R\u00edos, Vidakovic y Ure\u00f1a, todos expertos en el juego a\u00e9reo. Por si fueran pocos, Pier hab\u00eda bajado a ayudar, pero Pizzi remat\u00f3 de cabeza un bal\u00f3n que ven\u00eda de muy arriba y bastante blando, por cierto<\/em><\/span><\/li>\n<li><span style=\"color: #008000\"><em>Ya no tiene remedio, se\u00f1or Serra. \u00bfC\u00f3mo calificar\u00eda el ciclo que se cerr\u00f3 el s\u00e1bado en el Bernab\u00e9u?<\/em><\/span><\/li>\n<li><span style=\"color: #008000\"><em>Lo calificar\u00eda de magn\u00edfico en todos los aspectos y muy gratificante para m\u00ed<\/em><\/span><\/li>\n<li><span style=\"color: #008000\"><em>\u00bfSe siente b\u00e9tico?<\/em><\/span><\/li>\n<li><span style=\"color: #008000\"><em>M\u00e1s que b\u00e9tico, muy b\u00e9tico. Y me siento as\u00ed desde mucho antes de que llegase esta despedida. No s\u00e9 c\u00f3mo fue, pero es un sentimiento fuerte e inexplicable<\/em><\/span><\/li>\n<li><span style=\"color: #008000\"><em>\u00bfCu\u00e1ndo vio que le nac\u00eda el sentimiento b\u00e9tico? \u00bfen Burgos?<\/em><\/span><\/li>\n<li><span style=\"color: #008000\"><em>Despu\u00e9s de Burgos, en la temporada que fuimos terceros de la Liga, con una grada repleta cada domingo y un vestuario unido a diario. Ah\u00ed se ciment\u00f3 este Betis de ahora<\/em><\/span><\/li>\n<li><span style=\"color: #008000\"><em>La cumbre del ciclo\u2026<\/em><\/span><\/li>\n<li><span style=\"color: #008000\"><em>La final de Copa. No se gan\u00f3, pero ha sido un broche espl\u00e9ndido<\/em><\/span><\/li>\n<li><span style=\"color: #008000\"><em>Lo peor\u2026Como no hay mal que por bien no venga, <\/em><\/span><\/li>\n<li><span style=\"color: #008000\"><em>Sol\u00eda ocurrir en verano, sobre todo en este \u00faltimo. Los resultados no eran buenos y aparec\u00edan los nerviosismos. Por ejemplo, en el \u00faltimo Colombino terminamos los \u00faltimos y afloraron los nervios<\/em><\/span><\/li>\n<li><span style=\"color: #008000\"><em>Como no hay mal que por bien no venga, el tropiezo de Huelva propici\u00f3 que Lopera se decidiese por repescar a Alfonso\u2026<\/em><\/span><\/li>\n<li><span style=\"color: #008000\"><em>Es cierto, aunque si no hubiese podido venir Alfonso, Lopera habr\u00eda fichado a otra gran figura<\/em><\/span><\/li>\n<li><span style=\"color: #008000\"><em>Por cierto, su abrazo a Lopera en el palco del Bernab\u00e9u ha dado la vuelta al mundo futbol\u00edstico. \u00bfQu\u00e9 se dijeron en ese largo abrazo?<\/em><\/span><\/li>\n<li><span style=\"color: #008000\"><em>Me emocion\u00e9 mucho cuando me lo di de cara; fue el momento m\u00e1s emotivo de una noche llena de detalles emotivos. Le dije lo siento por no haber podido ser campeones, y \u00e9l se ech\u00f3 a llorar y me abraz\u00f3. En una persona tan fr\u00eda y calculadora es tremendo ver esa reacci\u00f3n<\/em><\/span><\/li>\n<li><span style=\"color: #008000\"><em>Usted piropea cada vez que viene a cuento a Sevilla\u2026<\/em><\/span><\/li>\n<li><span style=\"color: #008000\"><em>Sevilla es una ciudad excepcional, pero no he podido bien saborear cuanto representa por culpa del trabajo. Yo me fui encerrando en m\u00ed mismo por la carga de responsabilidad que supon\u00eda entrenar a un equipo como el Betis, pero estoy seguro de que la saborear\u00e9 a fondo en compa\u00f1\u00eda de mi familia<\/em><\/span><\/li>\n<li><span style=\"color: #008000\"><em>Las fiestas de Sevilla\u2026<\/em><\/span><\/li>\n<li><span style=\"color: #008000\"><em>Me gusta la Semana Santa, una fiesta muy peculiar y me encanta ir a la Maestranza, sobre todo si torea Curro, mi buen amigo Curro Romero<\/em><\/span><\/li>\n<li><span style=\"color: #008000\"><em>Lo pero como ciudadano de Sevilla\u2026<\/em><\/span><\/li>\n<li><span style=\"color: #008000\"><em>El incidente con el guardia en el aeropuerto delante de mi mujer y de mis hijos. Cada vez me reafirmo m\u00e1s que fue un hecho premeditado. Fue una humillaci\u00f3n horrible y se ha visto en el juicio que no hubo agresi\u00f3n. \u00c9l tendr\u00e1 en su conciencia aquello, si es que tiene conciencia, claro<\/em><\/span><\/li>\n<li><span style=\"color: #008000\"><em>\u00bfCu\u00e1ndo se har\u00e1 oficial su pase al Barcelona?<\/em><\/span><\/li>\n<li><span style=\"color: #008000\"><em>De verdad que no lo tengo decidido. Llevan varios a\u00f1os queriendo que vaya a trabajar all\u00ed, y quiz\u00e1 me venga bien aceptar para dejar el banquillo por cierto tiempo. Dejar el banquillo es algo que agradecer\u00e1 mi familia. La primera que lo agradecer\u00e1 es mi mujer, pues lo pasa fatal en los partidos de mi equipo. En el Bernab\u00e9u tuvieron que auxiliarla porque no dejaba de temblar<\/em><\/span><\/li>\n<li><span style=\"color: #008000\"><em>\u00bfTendr\u00e1 mono de banquillo?<\/em><\/span><\/li>\n<li><span style=\"color: #008000\"><em>En principio estoy seguro que no, pues he trabajado tanto en el banquillo del Betis que ha habido momentos en que cre\u00ed que me volver\u00eda loco. Por d\u00eda me iba encerrando m\u00e1s y m\u00e1s en el trabajo y eso, mi amigo, va contra la persona<\/em><\/span><\/li>\n<li><span style=\"color: #008000\"><em>\u00bfQu\u00e9 le augura el entrenador que le sustituir\u00e1 en el Betis?<\/em><\/span><\/li>\n<li><span style=\"color: #008000\"><em>Creo que el Betis tiene un futuro muy bueno, con una materia prima fant\u00e1stica en todos los aspectos. La grada, el vestuario y el Consejo de Administraci\u00f3n forman un bloque fant\u00e1stico de futuro<\/em><\/span><\/li>\n<li><span style=\"color: #008000\"><em>\u00bfY si ese sustituto es Luis Aragon\u00e9s?<\/em><\/span><\/li>\n<li><span style=\"color: #008000\"><em>No s\u00e9 si ser\u00e1 Luis, pero si es \u00e9l no me atrevo a aconsejarle porque se trata de un t\u00e9cnico mucho m\u00e1s experimentado que yo, y que, adem\u00e1s, conoce bien la casa y la ciudad<\/em><\/span><\/li>\n<li><span style=\"color: #008000\"><em>\u00bfC\u00f3mo interpreta ahora su cese sorprendente del pasado 18 de junio?<\/em><\/span><\/li>\n<li><span style=\"color: #008000\"><em>Aquello fue una pesadilla en su momento y un orgullo ahora, pues todo vino porque Lopera no se resignaba a dejarme marchar. Esto es muy halagador para m\u00ed<\/em><\/span><\/li>\n<li><span style=\"color: #008000\"><em>\u00bfVolver\u00e1 usted al Betis?<\/em><\/span><\/li>\n<li><span style=\"color: #008000\"><em>Pienso que s\u00ed; creo que un segundo ciclo no ser\u00eda imposible. Ahora bien, le voy a decir una cosa. Si no vuelvo ser\u00e1 buena noticia, la se\u00f1al de que el Betis va tan bien que no me necesita. Lo que nadie podr\u00e1 quitarme es volver de vez en cuando al Villamar\u00edn como un b\u00e9tico m\u00e1s para ver jugar al Betis<\/em><\/span><\/li>\n<li><span style=\"color: #008000\"><em>Ahora\u2026<\/em><\/span><\/li>\n<li><span style=\"color: #008000\"><em>Vacaciones de inmediato y a estar con mi padre, que se encuentra ingresado desde el d\u00eda aquel que me cesaron \u00a0\u00a0\u00a0\u00a0\u00a0<\/em><\/span><\/li>\n<\/ul>","protected":false},"excerpt":{"rendered":"<p>El domingo 29 de junio de 1997 el Betis regres\u00f3 a Sevilla despu\u00e9s de haber jugado y perdido la final de Copa contra el FC Barcelona. Una derrota inmerecida y especialmente dolorosa, ya que el equipo verdiblanco se puso por delante a falta de 8 minutos y ya parec\u00eda que se iba a ganar el&#8230;<\/p>\n","protected":false},"author":5,"featured_media":95525,"comment_status":"open","ping_status":"open","sticky":false,"template":"","format":"standard","meta":{"_kad_post_transparent":"","_kad_post_title":"","_kad_post_layout":"","_kad_post_sidebar_id":"","_kad_post_content_style":"","_kad_post_vertical_padding":"","_kad_post_feature":"","_kad_post_feature_position":"","_kad_post_header":false,"_kad_post_footer":false,"_kad_post_classname":"","_jetpack_memberships_contains_paid_content":false,"footnotes":"","jetpack_publicize_message":"","jetpack_publicize_feature_enabled":true,"jetpack_social_post_already_shared":true,"jetpack_social_options":{"image_generator_settings":{"template":"highway","default_image_id":0,"font":"","enabled":false},"version":2}},"categories":[905,892,1],"tags":[2478,1068,1457,3220],"class_list":["post-95524","post","type-post","status-publish","format-standard","has-post-thumbnail","hentry","category-1990-1999","category-entrenadores-temas","category-portada","tag-1996-97","tag-1068","tag-lorenzo-serra","tag-luis-carlos-peris"],"jetpack_publicize_connections":[],"jetpack_featured_media_url":"https:\/\/i0.wp.com\/www.manquepierda.com\/historiarealbetis\/files\/2024\/08\/Entrevista-Lorenzo-Serra-1997-NMP-Diario-16-Andalucia-30-06-1997-scaled.jpg?fit=1843%2C2560&ssl=1","jetpack_sharing_enabled":true,"jetpack_shortlink":"https:\/\/wp.me\/p1ij08-oQI","jetpack-related-posts":[],"_links":{"self":[{"href":"https:\/\/www.manquepierda.com\/historiarealbetis\/wp-json\/wp\/v2\/posts\/95524","targetHints":{"allow":["GET"]}}],"collection":[{"href":"https:\/\/www.manquepierda.com\/historiarealbetis\/wp-json\/wp\/v2\/posts"}],"about":[{"href":"https:\/\/www.manquepierda.com\/historiarealbetis\/wp-json\/wp\/v2\/types\/post"}],"author":[{"embeddable":true,"href":"https:\/\/www.manquepierda.com\/historiarealbetis\/wp-json\/wp\/v2\/users\/5"}],"replies":[{"embeddable":true,"href":"https:\/\/www.manquepierda.com\/historiarealbetis\/wp-json\/wp\/v2\/comments?post=95524"}],"version-history":[{"count":3,"href":"https:\/\/www.manquepierda.com\/historiarealbetis\/wp-json\/wp\/v2\/posts\/95524\/revisions"}],"predecessor-version":[{"id":97004,"href":"https:\/\/www.manquepierda.com\/historiarealbetis\/wp-json\/wp\/v2\/posts\/95524\/revisions\/97004"}],"wp:featuredmedia":[{"embeddable":true,"href":"https:\/\/www.manquepierda.com\/historiarealbetis\/wp-json\/wp\/v2\/media\/95525"}],"wp:attachment":[{"href":"https:\/\/www.manquepierda.com\/historiarealbetis\/wp-json\/wp\/v2\/media?parent=95524"}],"wp:term":[{"taxonomy":"category","embeddable":true,"href":"https:\/\/www.manquepierda.com\/historiarealbetis\/wp-json\/wp\/v2\/categories?post=95524"},{"taxonomy":"post_tag","embeddable":true,"href":"https:\/\/www.manquepierda.com\/historiarealbetis\/wp-json\/wp\/v2\/tags?post=95524"}],"curies":[{"name":"wp","href":"https:\/\/api.w.org\/{rel}","templated":true}]}}