{"id":9748,"date":"2011-03-27T09:24:15","date_gmt":"2011-03-27T08:24:15","guid":{"rendered":"http:\/\/www.manquepierda.com\/historiarealbetis\/?p=9748"},"modified":"2025-09-07T10:55:38","modified_gmt":"2025-09-07T08:55:38","slug":"alineacion-betis-deportivo-liga-1943","status":"publish","type":"post","link":"https:\/\/www.manquepierda.com\/historiarealbetis\/alineacion-betis-deportivo-liga-1943\/","title":{"rendered":"Alineaci\u00f3n Betis-Deportivo Liga 1942"},"content":{"rendered":"<p>&nbsp;<\/p>\n<figure id=\"attachment_34543\" aria-describedby=\"caption-attachment-34543\" style=\"width: 680px\" class=\"wp-caption aligncenter\"><a href=\"https:\/\/www.manquepierda.com\/historiarealbetis\/9748-alineacion-betis-deportivo-liga-1943\/87f-0744-09-0037-bet-dep-liga-1942\/\" rel=\"attachment wp-att-34543\"><img data-recalc-dims=\"1\" loading=\"lazy\" decoding=\"async\" class=\"size-medium wp-image-34543\" src=\"https:\/\/i0.wp.com\/www.manquepierda.com\/historiarealbetis\/files\/2011\/03\/87F-0744-09-0037-BET-DEP-Liga-1942.jpg?resize=680%2C489&#038;ssl=1\" alt=\"Fuente: Marca 1 de noviembre de 1942\" width=\"680\" height=\"489\" srcset=\"https:\/\/i0.wp.com\/www.manquepierda.com\/historiarealbetis\/files\/2011\/03\/87F-0744-09-0037-BET-DEP-Liga-1942.jpg?resize=680%2C489&amp;ssl=1 680w, https:\/\/i0.wp.com\/www.manquepierda.com\/historiarealbetis\/files\/2011\/03\/87F-0744-09-0037-BET-DEP-Liga-1942.jpg?resize=220%2C158&amp;ssl=1 220w, https:\/\/i0.wp.com\/www.manquepierda.com\/historiarealbetis\/files\/2011\/03\/87F-0744-09-0037-BET-DEP-Liga-1942.jpg?resize=960%2C691&amp;ssl=1 960w, https:\/\/i0.wp.com\/www.manquepierda.com\/historiarealbetis\/files\/2011\/03\/87F-0744-09-0037-BET-DEP-Liga-1942.jpg?w=1403&amp;ssl=1 1403w\" sizes=\"auto, (max-width: 680px) 100vw, 680px\" \/><\/a><figcaption id=\"caption-attachment-34543\" class=\"wp-caption-text\">Fuente: Marca 1 de noviembre de 1942<\/figcaption><\/figure>\n<p>1 de Noviembre de 1942 en Heli\u00f3polis\u00a0 Betis\u00a0 1\u00a0\u00a0 Deportivo de La Coru\u00f1a 1; jornada 6 del Campeonato de Liga de Primera Divisi\u00f3n.<\/p>\n<p>En la imagen arriba: Paquillo, Besc\u00f3s, Enrique, D\u00edaz, Gonell, Jap\u00f3n y Peral; abajo: Muruaga, Cabezas, Tomas\u00edn y Ant\u00fanez.<\/p>\n<p>Los goles fueron marcados por Muruaga para el Betis y Cuca para el Deportivo.<\/p>\n<p>Como curiosidad el Betis viste camisol\u00edn verde y pantal\u00f3n blanco, mientras que el Deportivo viste su uniforme habitual. Recordar que hasta la temporada 1945-46 era el equipo local el que estaba obligado a cambiar de uniforme cuando hab\u00eda alguna coincidencia con el equipo visitante. Por eso el Betis en esta temporada cambi\u00f3 su vestimenta\u00a0 como local anta las visitas de Deportivo y Castell\u00f3n.<\/p>\n<p>Ces\u00e1reo Baraga\u00f1o entrenaba al Betis y Eduardo Gonz\u00e1lez \u00abChacho\u00bb al Deportivo<\/p>\n","protected":false},"excerpt":{"rendered":"<p>&nbsp; 1 de Noviembre de 1942 en Heli\u00f3polis\u00a0 Betis\u00a0 1\u00a0\u00a0 Deportivo de La Coru\u00f1a 1; jornada 6 del Campeonato de Liga de Primera Divisi\u00f3n. En la imagen arriba: Paquillo, Besc\u00f3s, Enrique, D\u00edaz, Gonell, Jap\u00f3n y Peral; abajo: Muruaga, Cabezas, Tomas\u00edn y Ant\u00fanez. Los goles fueron marcados por Muruaga para el Betis y Cuca para el&#8230;<\/p>\n","protected":false},"author":5,"featured_media":34543,"comment_status":"open","ping_status":"open","sticky":false,"template":"","format":"standard","meta":{"_kad_post_transparent":"","_kad_post_title":"","_kad_post_layout":"","_kad_post_sidebar_id":"","_kad_post_content_style":"","_kad_post_vertical_padding":"","_kad_post_feature":"","_kad_post_feature_position":"","_kad_post_header":false,"_kad_post_footer":false,"_kad_post_classname":"","_jetpack_memberships_contains_paid_content":false,"footnotes":"","jetpack_publicize_message":"","jetpack_publicize_feature_enabled":true,"jetpack_social_post_already_shared":false,"jetpack_social_options":{"image_generator_settings":{"template":"highway","default_image_id":0,"font":"","enabled":false},"version":2}},"categories":[900,1],"tags":[50,2284,1934,2533,1118,1930,2562,17913,1463,2506,17898,2532,2382,16882,822],"class_list":["post-9748","post","type-post","status-publish","format-standard","has-post-thumbnail","hentry","category-1940-1949","category-portada","tag-50","tag-1942-43","tag-enrique-bescos","tag-enrique-rubio","tag-francisco-antunez","tag-francisco-carmona-paquillo","tag-francisco-diaz","tag-jose-suarez-peral","tag-jose-suarez-japon","tag-julian-gonell","tag-liga-primera-1942-43","tag-luis-garcia-cabezas","tag-rafael-holguin-tomasin","tag-real-club-deportivo-la-coruna","tag-tomas-muruaga"],"jetpack_publicize_connections":[],"jetpack_featured_media_url":"https:\/\/i0.wp.com\/www.manquepierda.com\/historiarealbetis\/files\/2011\/03\/87F-0744-09-0037-BET-DEP-Liga-1942.jpg?fit=1403%2C1010&ssl=1","jetpack_sharing_enabled":true,"jetpack_shortlink":"https:\/\/wp.me\/p1ij08-2xe","jetpack-related-posts":[],"_links":{"self":[{"href":"https:\/\/www.manquepierda.com\/historiarealbetis\/wp-json\/wp\/v2\/posts\/9748","targetHints":{"allow":["GET"]}}],"collection":[{"href":"https:\/\/www.manquepierda.com\/historiarealbetis\/wp-json\/wp\/v2\/posts"}],"about":[{"href":"https:\/\/www.manquepierda.com\/historiarealbetis\/wp-json\/wp\/v2\/types\/post"}],"author":[{"embeddable":true,"href":"https:\/\/www.manquepierda.com\/historiarealbetis\/wp-json\/wp\/v2\/users\/5"}],"replies":[{"embeddable":true,"href":"https:\/\/www.manquepierda.com\/historiarealbetis\/wp-json\/wp\/v2\/comments?post=9748"}],"version-history":[{"count":1,"href":"https:\/\/www.manquepierda.com\/historiarealbetis\/wp-json\/wp\/v2\/posts\/9748\/revisions"}],"predecessor-version":[{"id":94795,"href":"https:\/\/www.manquepierda.com\/historiarealbetis\/wp-json\/wp\/v2\/posts\/9748\/revisions\/94795"}],"wp:featuredmedia":[{"embeddable":true,"href":"https:\/\/www.manquepierda.com\/historiarealbetis\/wp-json\/wp\/v2\/media\/34543"}],"wp:attachment":[{"href":"https:\/\/www.manquepierda.com\/historiarealbetis\/wp-json\/wp\/v2\/media?parent=9748"}],"wp:term":[{"taxonomy":"category","embeddable":true,"href":"https:\/\/www.manquepierda.com\/historiarealbetis\/wp-json\/wp\/v2\/categories?post=9748"},{"taxonomy":"post_tag","embeddable":true,"href":"https:\/\/www.manquepierda.com\/historiarealbetis\/wp-json\/wp\/v2\/tags?post=9748"}],"curies":[{"name":"wp","href":"https:\/\/api.w.org\/{rel}","templated":true}]}}