{"id":97505,"date":"2024-09-02T13:00:00","date_gmt":"2024-09-02T11:00:00","guid":{"rendered":"https:\/\/www.manquepierda.com\/historiarealbetis\/?p=97505"},"modified":"2024-08-28T10:03:19","modified_gmt":"2024-08-28T08:03:19","slug":"hoy-hace-10-anos-presentacion-de-foued-kadir","status":"publish","type":"post","link":"https:\/\/www.manquepierda.com\/historiarealbetis\/hoy-hace-10-anos-presentacion-de-foued-kadir\/","title":{"rendered":"Hoy hace 10 a\u00f1os. Presentaci\u00f3n de Foued Kadir."},"content":{"rendered":"<div class=\"wp-block-image\">\n<figure class=\"aligncenter size-full\"><img data-recalc-dims=\"1\" loading=\"lazy\" decoding=\"async\" width=\"450\" height=\"380\" src=\"https:\/\/i0.wp.com\/www.manquepierda.com\/historiarealbetis\/files\/2024\/08\/2-2014-Presentacion-de-Foued-Kadir.jpg?resize=450%2C380&#038;ssl=1\" alt=\"\" class=\"wp-image-97506\" srcset=\"https:\/\/i0.wp.com\/www.manquepierda.com\/historiarealbetis\/files\/2024\/08\/2-2014-Presentacion-de-Foued-Kadir.jpg?w=450&amp;ssl=1 450w, https:\/\/i0.wp.com\/www.manquepierda.com\/historiarealbetis\/files\/2024\/08\/2-2014-Presentacion-de-Foued-Kadir.jpg?resize=220%2C186&amp;ssl=1 220w\" sizes=\"auto, (max-width: 450px) 100vw, 450px\" \/><\/figure>\n<\/div>\n\n<p>\u00a0<\/p>\n<p><span style=\"color: #008000\">El 2 de septiembre de 2014 es presentado como jugador del Real Betis Balompi\u00e9 Foued Kadir, quien llegaba al club verdiblanco desde el Olympique de Marsella.<\/span><\/p>\n<p><span style=\"color: #008000\">El internacional argelino de 31 a\u00f1os llegaba cedido desde el club franc\u00e9s con una opci\u00f3n de compra que el Betis ejerci\u00f3 al a\u00f1o siguiente.<\/span><\/p>\n<p><span style=\"color: #008000\">Durante su estancia de 2 temporadas en el club verdiblanco disput\u00f3 38 partidos oficiales, marcando 1 gol.<\/span><\/p>","protected":false},"excerpt":{"rendered":"<p>\u00a0 El 2 de septiembre de 2014 es presentado como jugador del Real Betis Balompi\u00e9 Foued Kadir, quien llegaba al club verdiblanco desde el Olympique de Marsella. El internacional argelino de 31 a\u00f1os llegaba cedido desde el club franc\u00e9s con una opci\u00f3n de compra que el Betis ejerci\u00f3 al a\u00f1o siguiente. Durante su estancia de&#8230;<\/p>\n","protected":false},"author":5,"featured_media":97506,"comment_status":"open","ping_status":"open","sticky":false,"template":"","format":"standard","meta":{"_kad_post_transparent":"","_kad_post_title":"","_kad_post_layout":"","_kad_post_sidebar_id":"","_kad_post_content_style":"","_kad_post_vertical_padding":"","_kad_post_feature":"","_kad_post_feature_position":"","_kad_post_header":false,"_kad_post_footer":false,"_kad_post_classname":"","_jetpack_memberships_contains_paid_content":false,"footnotes":"","jetpack_publicize_message":"","jetpack_publicize_feature_enabled":true,"jetpack_social_post_already_shared":true,"jetpack_social_options":{"image_generator_settings":{"template":"highway","default_image_id":0,"font":"","enabled":false},"version":2}},"categories":[15447,14583,1],"tags":[16752,16478],"class_list":["post-97505","post","type-post","status-publish","format-standard","has-post-thumbnail","hentry","category-2010-2019","category-efemerides","category-portada","tag-16752","tag-foued-kadir"],"jetpack_publicize_connections":[],"jetpack_featured_media_url":"https:\/\/i0.wp.com\/www.manquepierda.com\/historiarealbetis\/files\/2024\/08\/2-2014-Presentacion-de-Foued-Kadir.jpg?fit=450%2C380&ssl=1","jetpack_sharing_enabled":true,"jetpack_shortlink":"https:\/\/wp.me\/p1ij08-pmF","jetpack-related-posts":[],"_links":{"self":[{"href":"https:\/\/www.manquepierda.com\/historiarealbetis\/wp-json\/wp\/v2\/posts\/97505","targetHints":{"allow":["GET"]}}],"collection":[{"href":"https:\/\/www.manquepierda.com\/historiarealbetis\/wp-json\/wp\/v2\/posts"}],"about":[{"href":"https:\/\/www.manquepierda.com\/historiarealbetis\/wp-json\/wp\/v2\/types\/post"}],"author":[{"embeddable":true,"href":"https:\/\/www.manquepierda.com\/historiarealbetis\/wp-json\/wp\/v2\/users\/5"}],"replies":[{"embeddable":true,"href":"https:\/\/www.manquepierda.com\/historiarealbetis\/wp-json\/wp\/v2\/comments?post=97505"}],"version-history":[{"count":1,"href":"https:\/\/www.manquepierda.com\/historiarealbetis\/wp-json\/wp\/v2\/posts\/97505\/revisions"}],"predecessor-version":[{"id":97507,"href":"https:\/\/www.manquepierda.com\/historiarealbetis\/wp-json\/wp\/v2\/posts\/97505\/revisions\/97507"}],"wp:featuredmedia":[{"embeddable":true,"href":"https:\/\/www.manquepierda.com\/historiarealbetis\/wp-json\/wp\/v2\/media\/97506"}],"wp:attachment":[{"href":"https:\/\/www.manquepierda.com\/historiarealbetis\/wp-json\/wp\/v2\/media?parent=97505"}],"wp:term":[{"taxonomy":"category","embeddable":true,"href":"https:\/\/www.manquepierda.com\/historiarealbetis\/wp-json\/wp\/v2\/categories?post=97505"},{"taxonomy":"post_tag","embeddable":true,"href":"https:\/\/www.manquepierda.com\/historiarealbetis\/wp-json\/wp\/v2\/tags?post=97505"}],"curies":[{"name":"wp","href":"https:\/\/api.w.org\/{rel}","templated":true}]}}