{"id":97940,"date":"2024-09-08T13:00:00","date_gmt":"2024-09-08T11:00:00","guid":{"rendered":"https:\/\/www.manquepierda.com\/historiarealbetis\/?p=97940"},"modified":"2025-08-19T20:43:17","modified_gmt":"2025-08-19T18:43:17","slug":"hoy-hace-45-anos-betis-1-rayo-vallecano-2","status":"publish","type":"post","link":"https:\/\/www.manquepierda.com\/historiarealbetis\/hoy-hace-45-anos-betis-1-rayo-vallecano-2\/","title":{"rendered":"Hoy hace 45 a\u00f1os. Betis 1 Rayo Vallecano 2."},"content":{"rendered":"<div class=\"wp-block-image\">\n<figure class=\"aligncenter size-full\"><img data-recalc-dims=\"1\" loading=\"lazy\" decoding=\"async\" width=\"905\" height=\"504\" src=\"https:\/\/i0.wp.com\/www.manquepierda.com\/historiarealbetis\/files\/2024\/08\/8-1979-Betis-1-Rayo-Vallecano-2-Liga-1.jpg?resize=905%2C504&#038;ssl=1\" alt=\"\" class=\"wp-image-97941\" srcset=\"https:\/\/i0.wp.com\/www.manquepierda.com\/historiarealbetis\/files\/2024\/08\/8-1979-Betis-1-Rayo-Vallecano-2-Liga-1.jpg?w=905&amp;ssl=1 905w, https:\/\/i0.wp.com\/www.manquepierda.com\/historiarealbetis\/files\/2024\/08\/8-1979-Betis-1-Rayo-Vallecano-2-Liga-1.jpg?resize=680%2C379&amp;ssl=1 680w, https:\/\/i0.wp.com\/www.manquepierda.com\/historiarealbetis\/files\/2024\/08\/8-1979-Betis-1-Rayo-Vallecano-2-Liga-1.jpg?resize=220%2C123&amp;ssl=1 220w, https:\/\/i0.wp.com\/www.manquepierda.com\/historiarealbetis\/files\/2024\/08\/8-1979-Betis-1-Rayo-Vallecano-2-Liga-1.jpg?resize=768%2C428&amp;ssl=1 768w\" sizes=\"auto, (max-width: 905px) 100vw, 905px\" \/><\/figure>\n<\/div>\n\n<p><span style=\"color: #008000\">El 8 de septiembre de 1979 en el Villamar\u00edn el Betis es derrotado 1-2 por el Rayo Vallecano en partido correspondiente a la jornada 1 del Campeonato de Liga de Primera Divisi\u00f3n.<\/span><\/p>\n<p><span style=\"color: #008000\">Abri\u00f3 el marcador Oliveira de penalti para el Betis en el minuto 17, tras un derribo de Robles al propio Oliveira. En el 28 empat\u00f3 el Rayo, con un disparo desde fuera del \u00e1rea de Alvarito y en el 90 Morena en un contragolpe hizo el 1-2.<\/span><\/p>\n<p><span style=\"color: #008000\">El Betis, dirigido por Le\u00f3n Lasa, aline\u00f3 a Esnaola; Bizcocho, Peruena, Richard, Gordillo; Alabanda, Ortega, Oliveira; Mor\u00e1n, Hugo Cabezas (66, Anzarda) y Ben\u00edtez.<\/span><\/p>\n<p><span style=\"color: #008000\">El Rayo Vallecano, entrenado por H\u00e9ctor N\u00fa\u00f1ez, form\u00f3 con Mora; Anero, Tanco, Uceda, Rocamora; Nieto, Custodio, Robles; Salazar (66, Francisco), Morena y Alvarito (77, Jos\u00e9 Mar\u00eda).<\/span><\/p>\n<p><span style=\"color: #008000\">En este partido debutaron con el Betis en competici\u00f3n oficial Enrique Mor\u00e1n, Antonio Oliveira y Ricardo G\u00f3mez \u00abRichard\u00bb.<\/span><\/p>","protected":false},"excerpt":{"rendered":"<p>El 8 de septiembre de 1979 en el Villamar\u00edn el Betis es derrotado 1-2 por el Rayo Vallecano en partido correspondiente a la jornada 1 del Campeonato de Liga de Primera Divisi\u00f3n. Abri\u00f3 el marcador Oliveira de penalti para el Betis en el minuto 17, tras un derribo de Robles al propio Oliveira. En el&#8230;<\/p>\n","protected":false},"author":5,"featured_media":97941,"comment_status":"open","ping_status":"open","sticky":false,"template":"","format":"standard","meta":{"_kad_post_transparent":"","_kad_post_title":"","_kad_post_layout":"","_kad_post_sidebar_id":"","_kad_post_content_style":"","_kad_post_vertical_padding":"","_kad_post_feature":"","_kad_post_feature_position":"","_kad_post_header":false,"_kad_post_footer":false,"_kad_post_classname":"","_jetpack_memberships_contains_paid_content":false,"footnotes":"","jetpack_publicize_message":"","jetpack_publicize_feature_enabled":true,"jetpack_social_post_already_shared":true,"jetpack_social_options":{"image_generator_settings":{"template":"highway","default_image_id":0,"font":"","enabled":false},"version":2}},"categories":[903,14583,1],"tags":[1033,16911,1277,1446,17978,1372],"class_list":["post-97940","post","type-post","status-publish","format-standard","has-post-thumbnail","hentry","category-1970-1979","category-efemerides","category-portada","tag-1033","tag-ad-rayo-vallecano","tag-antonio-oliveira","tag-enrique-moran","tag-liga-primera-1979-80","tag-ricardo-gomez-richard"],"jetpack_publicize_connections":[],"jetpack_featured_media_url":"https:\/\/i0.wp.com\/www.manquepierda.com\/historiarealbetis\/files\/2024\/08\/8-1979-Betis-1-Rayo-Vallecano-2-Liga-1.jpg?fit=905%2C504&ssl=1","jetpack_sharing_enabled":true,"jetpack_shortlink":"https:\/\/wp.me\/p1ij08-ptG","jetpack-related-posts":[],"_links":{"self":[{"href":"https:\/\/www.manquepierda.com\/historiarealbetis\/wp-json\/wp\/v2\/posts\/97940","targetHints":{"allow":["GET"]}}],"collection":[{"href":"https:\/\/www.manquepierda.com\/historiarealbetis\/wp-json\/wp\/v2\/posts"}],"about":[{"href":"https:\/\/www.manquepierda.com\/historiarealbetis\/wp-json\/wp\/v2\/types\/post"}],"author":[{"embeddable":true,"href":"https:\/\/www.manquepierda.com\/historiarealbetis\/wp-json\/wp\/v2\/users\/5"}],"replies":[{"embeddable":true,"href":"https:\/\/www.manquepierda.com\/historiarealbetis\/wp-json\/wp\/v2\/comments?post=97940"}],"version-history":[{"count":3,"href":"https:\/\/www.manquepierda.com\/historiarealbetis\/wp-json\/wp\/v2\/posts\/97940\/revisions"}],"predecessor-version":[{"id":104453,"href":"https:\/\/www.manquepierda.com\/historiarealbetis\/wp-json\/wp\/v2\/posts\/97940\/revisions\/104453"}],"wp:featuredmedia":[{"embeddable":true,"href":"https:\/\/www.manquepierda.com\/historiarealbetis\/wp-json\/wp\/v2\/media\/97941"}],"wp:attachment":[{"href":"https:\/\/www.manquepierda.com\/historiarealbetis\/wp-json\/wp\/v2\/media?parent=97940"}],"wp:term":[{"taxonomy":"category","embeddable":true,"href":"https:\/\/www.manquepierda.com\/historiarealbetis\/wp-json\/wp\/v2\/categories?post=97940"},{"taxonomy":"post_tag","embeddable":true,"href":"https:\/\/www.manquepierda.com\/historiarealbetis\/wp-json\/wp\/v2\/tags?post=97940"}],"curies":[{"name":"wp","href":"https:\/\/api.w.org\/{rel}","templated":true}]}}