{"id":98025,"date":"2024-09-12T13:00:00","date_gmt":"2024-09-12T11:00:00","guid":{"rendered":"https:\/\/www.manquepierda.com\/historiarealbetis\/?p=98025"},"modified":"2024-09-10T06:29:06","modified_gmt":"2024-09-10T04:29:06","slug":"hoy-hace-70-anos-betis-3-jerez-1","status":"publish","type":"post","link":"https:\/\/www.manquepierda.com\/historiarealbetis\/hoy-hace-70-anos-betis-3-jerez-1\/","title":{"rendered":"Hoy hace 70 a\u00f1os. Betis 3 Jerez 1."},"content":{"rendered":"<div class=\"wp-block-image\">\n<figure class=\"aligncenter size-large\"><img data-recalc-dims=\"1\" loading=\"lazy\" decoding=\"async\" width=\"753\" height=\"700\" src=\"https:\/\/i0.wp.com\/www.manquepierda.com\/historiarealbetis\/files\/2024\/08\/12-1954-Betis-3-Jerez-1-Liga-2.jpg?resize=753%2C700&#038;ssl=1\" alt=\"\" class=\"wp-image-98026\" srcset=\"https:\/\/i0.wp.com\/www.manquepierda.com\/historiarealbetis\/files\/2024\/08\/12-1954-Betis-3-Jerez-1-Liga-2.jpg?resize=753%2C700&amp;ssl=1 753w, https:\/\/i0.wp.com\/www.manquepierda.com\/historiarealbetis\/files\/2024\/08\/12-1954-Betis-3-Jerez-1-Liga-2.jpg?resize=646%2C600&amp;ssl=1 646w, https:\/\/i0.wp.com\/www.manquepierda.com\/historiarealbetis\/files\/2024\/08\/12-1954-Betis-3-Jerez-1-Liga-2.jpg?resize=220%2C204&amp;ssl=1 220w, https:\/\/i0.wp.com\/www.manquepierda.com\/historiarealbetis\/files\/2024\/08\/12-1954-Betis-3-Jerez-1-Liga-2.jpg?resize=768%2C714&amp;ssl=1 768w, https:\/\/i0.wp.com\/www.manquepierda.com\/historiarealbetis\/files\/2024\/08\/12-1954-Betis-3-Jerez-1-Liga-2.jpg?w=790&amp;ssl=1 790w\" sizes=\"auto, (max-width: 753px) 100vw, 753px\" \/><\/figure>\n<\/div>\n\n<p><span style=\"color: #008000\">El 12 de septiembre de 1954 en Heli\u00f3polis el Betis vence 3-1 al Jerez Deportivo en partido de la jornada 1 del Campeonato de Liga de Segunda Divisi\u00f3n.<\/span><br \/><span style=\"color: #008000\">Villota en el minuto 3 abri\u00f3 el marcador tras una jugada de Cabrera; en el 22 de nuevo Villota de cabeza bati\u00f3 al meta jerezano. En el 53 Cabrera, a pase de Barinaga, hizo el 3-0 y en el 88 Ayestar\u00e1n consigui\u00f3 el gol del honor del Jerez.<\/span><\/p>\n<p><span style=\"color: #008000\">El Betis, dirigido por Francisco G\u00f3mez, form\u00f3 con Gonz\u00e1lez; Su\u00f1er, Gabilondo, Cifuentes; \u00d3scar, Vilari\u00f1o; Cabrera, Barinaga, Villota, F\u00e9lix y Flores.<\/span><\/p>\n<p><br \/><span style=\"color: #008000\">El Jerez, entrenado por Gabriel Andonegui, jug\u00f3 con Dur\u00e1n; Lebr\u00f3n, Portugu\u00e9s, Aldonza; Garc\u00eda Vida, Aizpur\u00faa; Areta, Mans\u00f3, Chelo, Ayestar\u00e1n y Dom\u00ednguez.<\/span><\/p>","protected":false},"excerpt":{"rendered":"<p>El 12 de septiembre de 1954 en Heli\u00f3polis el Betis vence 3-1 al Jerez Deportivo en partido de la jornada 1 del Campeonato de Liga de Segunda Divisi\u00f3n.Villota en el minuto 3 abri\u00f3 el marcador tras una jugada de Cabrera; en el 22 de nuevo Villota de cabeza bati\u00f3 al meta jerezano. En el 53&#8230;<\/p>\n","protected":false},"author":5,"featured_media":98026,"comment_status":"open","ping_status":"open","sticky":false,"template":"","format":"standard","meta":{"_kad_post_transparent":"","_kad_post_title":"","_kad_post_layout":"","_kad_post_sidebar_id":"","_kad_post_content_style":"","_kad_post_vertical_padding":"","_kad_post_feature":"","_kad_post_feature_position":"","_kad_post_header":false,"_kad_post_footer":false,"_kad_post_classname":"","_jetpack_memberships_contains_paid_content":false,"footnotes":"","jetpack_publicize_message":"","jetpack_publicize_feature_enabled":true,"jetpack_social_post_already_shared":true,"jetpack_social_options":{"image_generator_settings":{"template":"highway","default_image_id":0,"font":"","enabled":false},"version":2}},"categories":[901,14583,1],"tags":[54,17902,16831],"class_list":["post-98025","post","type-post","status-publish","format-standard","has-post-thumbnail","hentry","category-1950-1959","category-efemerides","category-portada","tag-54","tag-liga-segunda-1954-55","tag-xerez-deportivo"],"jetpack_publicize_connections":[],"jetpack_featured_media_url":"https:\/\/i0.wp.com\/www.manquepierda.com\/historiarealbetis\/files\/2024\/08\/12-1954-Betis-3-Jerez-1-Liga-2.jpg?fit=790%2C734&ssl=1","jetpack_sharing_enabled":true,"jetpack_shortlink":"https:\/\/wp.me\/p1ij08-pv3","jetpack-related-posts":[],"_links":{"self":[{"href":"https:\/\/www.manquepierda.com\/historiarealbetis\/wp-json\/wp\/v2\/posts\/98025","targetHints":{"allow":["GET"]}}],"collection":[{"href":"https:\/\/www.manquepierda.com\/historiarealbetis\/wp-json\/wp\/v2\/posts"}],"about":[{"href":"https:\/\/www.manquepierda.com\/historiarealbetis\/wp-json\/wp\/v2\/types\/post"}],"author":[{"embeddable":true,"href":"https:\/\/www.manquepierda.com\/historiarealbetis\/wp-json\/wp\/v2\/users\/5"}],"replies":[{"embeddable":true,"href":"https:\/\/www.manquepierda.com\/historiarealbetis\/wp-json\/wp\/v2\/comments?post=98025"}],"version-history":[{"count":3,"href":"https:\/\/www.manquepierda.com\/historiarealbetis\/wp-json\/wp\/v2\/posts\/98025\/revisions"}],"predecessor-version":[{"id":99010,"href":"https:\/\/www.manquepierda.com\/historiarealbetis\/wp-json\/wp\/v2\/posts\/98025\/revisions\/99010"}],"wp:featuredmedia":[{"embeddable":true,"href":"https:\/\/www.manquepierda.com\/historiarealbetis\/wp-json\/wp\/v2\/media\/98026"}],"wp:attachment":[{"href":"https:\/\/www.manquepierda.com\/historiarealbetis\/wp-json\/wp\/v2\/media?parent=98025"}],"wp:term":[{"taxonomy":"category","embeddable":true,"href":"https:\/\/www.manquepierda.com\/historiarealbetis\/wp-json\/wp\/v2\/categories?post=98025"},{"taxonomy":"post_tag","embeddable":true,"href":"https:\/\/www.manquepierda.com\/historiarealbetis\/wp-json\/wp\/v2\/tags?post=98025"}],"curies":[{"name":"wp","href":"https:\/\/api.w.org\/{rel}","templated":true}]}}