{"id":98755,"date":"2024-09-09T11:00:00","date_gmt":"2024-09-09T09:00:00","guid":{"rendered":"https:\/\/www.manquepierda.com\/historiarealbetis\/?p=98755"},"modified":"2024-09-09T19:07:53","modified_gmt":"2024-09-09T17:07:53","slug":"entrevista-jose-garcia-botella-1955","status":"publish","type":"post","link":"https:\/\/www.manquepierda.com\/historiarealbetis\/entrevista-jose-garcia-botella-1955\/","title":{"rendered":"Entrevista Jos\u00e9 Garc\u00eda \u00abBotella\u00bb 1955"},"content":{"rendered":"<div class=\"wp-block-image\">\n<figure class=\"aligncenter size-full is-resized\"><img data-recalc-dims=\"1\" loading=\"lazy\" decoding=\"async\" width=\"181\" height=\"263\" src=\"https:\/\/i0.wp.com\/www.manquepierda.com\/historiarealbetis\/files\/2024\/09\/Botella-3.jpeg?resize=181%2C263&#038;ssl=1\" alt=\"\" class=\"wp-image-98756\" style=\"width:335px;height:auto\" srcset=\"https:\/\/i0.wp.com\/www.manquepierda.com\/historiarealbetis\/files\/2024\/09\/Botella-3.jpeg?w=181&amp;ssl=1 181w, https:\/\/i0.wp.com\/www.manquepierda.com\/historiarealbetis\/files\/2024\/09\/Botella-3.jpeg?resize=151%2C220&amp;ssl=1 151w\" sizes=\"auto, (max-width: 181px) 100vw, 181px\" \/><\/figure>\n<\/div>\n\n<p>Esta semana tuvimos conocimiento del fallecimiento del ex futbolista b\u00e9tico Jos\u00e9 Garc\u00eda \u00abBotella\u00bb, acaecido en La Carolina en junio del a\u00f1o pasado. A sus 90 a\u00f1os era el ex futbolista b\u00e9tico m\u00e1s veterano que hab\u00eda.<\/p>\n<p>Recuperamos hoy una entrevista que se public\u00f3 en el diario Sevilla a cargo del periodista Emilio Vara. Se fecha el 16 de septiembre de 1955, el mismo d\u00eda en que Botella firm\u00f3 por el equipo verdiblanco cedido por el Atl\u00e9tico de Madrid, y despu\u00e9s de realizar su primer entrenamiento en Heli\u00f3polis a las \u00f3rdenes de Pepe Valera.<\/p>\n<p>En ella Botella repasa su trayectoria futbol\u00edstica desde su salida de su Granada natal, pasando por Linares y Murcia, ya como cedido por el conjunto colchonero. Botella jug\u00f3 en el Betis s\u00f3lo la temporada 1955-56, interviniendo en 26 partidos de Liga en los que hizo 20 goles.\u00a0<\/p>\n<p><span style=\"color: #008000\"><em>Esta ma\u00f1ana, a las nueve y media exactamente, fich\u00f3 Botella por el Betis. Las negociaciones quedaron anoche pendientes de un peque\u00f1o detalle que se resolvi\u00f3 esta ma\u00f1ana, y el jugador, muy contento por cierto, firm\u00f3 por fin el contrato.<\/em><\/span><\/p>\n<p><span style=\"color: #008000\"><em>Inmediatamente, en uni\u00f3n del presidente del Club, don Benito Villamar\u00edn, y de los directivos se\u00f1ores Morente y Nadal, se traslad\u00f3 a Heli\u00f3polis, donde fue presentado al entrenador, se\u00f1or Valera, realizando a continuaci\u00f3n su primer entrenamiento en el estadio verdiblanco.<\/em><\/span><\/p>\n<p><span style=\"color: #008000\"><em>Realiz\u00f3 algunos ejercicios y luego intervino en varias jugadas como conductor de una delantera formada a base de Barranco, Guerrero, Botella, Sobrado y Linares.<\/em><\/span><\/p>\n<p><span style=\"color: #008000\"><em>Caus\u00f3 muy buena impresi\u00f3n en este primer entrenamiento y destac\u00f3, sobre todo, por su fuerte tiro a puerta. Por cierto, que tambi\u00e9n sobresali\u00f3 en este aspecto Barranco, que lanz\u00f3 varios remates magn\u00edficos.<\/em><\/span><\/p>\n<p><span style=\"color: #008000\"><em>Cuando terminaron los entrenamientos esper\u00e9 a que Botella saliera de las duchas, y cambi\u00e9 con \u00e9l las primeras impresiones.<\/em><\/span><\/p>\n<ul>\n<li><span style=\"color: #008000\"><em>\u00bfContento de haber venido al Betis?<\/em><\/span><\/li>\n<li><span style=\"color: #008000\"><em>Muy contento. Ya en cierta ocasi\u00f3n, hace dos temporadas, me hablaron de venir. Me pareci\u00f3 magn\u00edfico, pero a la hora de hacer proposiciones en firme se adelant\u00f3 el Atl\u00e9tico de Madrid y fich\u00e9 por este club, al que sigo perteneciendo<\/em><\/span><\/li>\n<li><span style=\"color: #008000\"><em>Lo que quiere decir que el tu contrato con el Betis es en calidad de cedido<\/em><\/span><\/li>\n<li><span style=\"color: #008000\"><em>Exactamente<\/em><\/span><\/li>\n<li><span style=\"color: #008000\"><em>\u00bfCu\u00e1ntos a\u00f1os tienes ahora?<\/em><\/span><\/li>\n<li><span style=\"color: #008000\"><em>Veintid\u00f3s<\/em><\/span><\/li>\n<li><span style=\"color: #008000\"><em>Vamos a hacer un poco de historia. \u00bfD\u00f3nde empezaste a jugar?<\/em><\/span><\/li>\n<li><span style=\"color: #008000\"><em>En un equipo modesto de mi ciudad natal. En el Cruz Blanca, de Granada. Luego pas\u00e9 al Linares y de aqu\u00ed al Atl\u00e9tico de Madrid. La temporada pasada, como se sabe, jugu\u00e9 en el Murcia, en calidad de cedido, como vengo ahora al Betis<\/em><\/span><\/li>\n<li><span style=\"color: #008000\"><em>\u00bfSiempre has jugado de delantero centro?<\/em><\/span><\/li>\n<li><span style=\"color: #008000\"><em>Siempre<\/em><\/span><\/li>\n<li><span style=\"color: #008000\"><em>Puesto que conoces bien nuestro grupo. \u00bfqu\u00e9 equipos crees que son los m\u00e1s fuertes?<\/em><\/span><\/li>\n<li><span style=\"color: #008000\"><em>El Ja\u00e9n, el Granada, el Atl\u00e9tico de Tetu\u00e1n, el Espa\u00f1a de T\u00e1nger, y el Betis, claro<\/em><\/span><\/li>\n<li><span style=\"color: #008000\"><em>\u00bfCu\u00e1l fue la defensa m\u00e1s dura que encontraste la temporada pasada?<\/em><\/span><\/li>\n<li><span style=\"color: #008000\"><em>Todas son duras. Los defensas, ya se sabe, no dejan respirar hoy a los delanteros. Hay que luchar mucho para pasarlos<\/em><\/span><\/li>\n<li><span style=\"color: #008000\"><em>La afici\u00f3n b\u00e9tica espera mucho de ti<\/em><\/span><\/li>\n<li><span style=\"color: #008000\"><em>Yo procurar\u00e9 dar el m\u00e1ximo todas las tardes, y lo \u00fanico que pido es un poco de suerte, que en el f\u00fatbol hace falta. Y mi mayor deseo, no tengo que decirlo, ser\u00eda conseguir con el Betis el triunfo que alcanc\u00e9 como jugador del Murcia: subir a Primera Divisi\u00f3n. Ser uno de los que contribuyan al ascenso<\/em><\/span><\/li>\n<li><span style=\"color: #008000\"><em>Que se cumpla tu deseo, y mucha suerte <\/em><\/span><\/li>\n<\/ul>","protected":false},"excerpt":{"rendered":"<p>Esta semana tuvimos conocimiento del fallecimiento del ex futbolista b\u00e9tico Jos\u00e9 Garc\u00eda \u00abBotella\u00bb, acaecido en La Carolina en junio del a\u00f1o pasado. A sus 90 a\u00f1os era el ex futbolista b\u00e9tico m\u00e1s veterano que hab\u00eda. Recuperamos hoy una entrevista que se public\u00f3 en el diario Sevilla a cargo del periodista Emilio Vara. Se fecha el&#8230;<\/p>\n","protected":false},"author":5,"featured_media":98756,"comment_status":"open","ping_status":"open","sticky":false,"template":"","format":"standard","meta":{"_kad_post_transparent":"","_kad_post_title":"","_kad_post_layout":"","_kad_post_sidebar_id":"","_kad_post_content_style":"","_kad_post_vertical_padding":"","_kad_post_feature":"","_kad_post_feature_position":"","_kad_post_header":false,"_kad_post_footer":false,"_kad_post_classname":"","_jetpack_memberships_contains_paid_content":false,"footnotes":"","jetpack_publicize_message":"","jetpack_publicize_feature_enabled":true,"jetpack_social_post_already_shared":true,"jetpack_social_options":{"image_generator_settings":{"template":"highway","default_image_id":0,"font":"","enabled":false},"version":2}},"categories":[901,893,1],"tags":[55,4126,11764,3183],"class_list":["post-98755","post","type-post","status-publish","format-standard","has-post-thumbnail","hentry","category-1950-1959","category-jugadores-temas","category-portada","tag-55","tag-1955-56","tag-emilio-vara","tag-jose-garcia-botella"],"jetpack_publicize_connections":[],"jetpack_featured_media_url":"https:\/\/i0.wp.com\/www.manquepierda.com\/historiarealbetis\/files\/2024\/09\/Botella-3.jpeg?fit=181%2C263&ssl=1","jetpack_sharing_enabled":true,"jetpack_shortlink":"https:\/\/wp.me\/p1ij08-pGP","jetpack-related-posts":[],"_links":{"self":[{"href":"https:\/\/www.manquepierda.com\/historiarealbetis\/wp-json\/wp\/v2\/posts\/98755","targetHints":{"allow":["GET"]}}],"collection":[{"href":"https:\/\/www.manquepierda.com\/historiarealbetis\/wp-json\/wp\/v2\/posts"}],"about":[{"href":"https:\/\/www.manquepierda.com\/historiarealbetis\/wp-json\/wp\/v2\/types\/post"}],"author":[{"embeddable":true,"href":"https:\/\/www.manquepierda.com\/historiarealbetis\/wp-json\/wp\/v2\/users\/5"}],"replies":[{"embeddable":true,"href":"https:\/\/www.manquepierda.com\/historiarealbetis\/wp-json\/wp\/v2\/comments?post=98755"}],"version-history":[{"count":4,"href":"https:\/\/www.manquepierda.com\/historiarealbetis\/wp-json\/wp\/v2\/posts\/98755\/revisions"}],"predecessor-version":[{"id":98761,"href":"https:\/\/www.manquepierda.com\/historiarealbetis\/wp-json\/wp\/v2\/posts\/98755\/revisions\/98761"}],"wp:featuredmedia":[{"embeddable":true,"href":"https:\/\/www.manquepierda.com\/historiarealbetis\/wp-json\/wp\/v2\/media\/98756"}],"wp:attachment":[{"href":"https:\/\/www.manquepierda.com\/historiarealbetis\/wp-json\/wp\/v2\/media?parent=98755"}],"wp:term":[{"taxonomy":"category","embeddable":true,"href":"https:\/\/www.manquepierda.com\/historiarealbetis\/wp-json\/wp\/v2\/categories?post=98755"},{"taxonomy":"post_tag","embeddable":true,"href":"https:\/\/www.manquepierda.com\/historiarealbetis\/wp-json\/wp\/v2\/tags?post=98755"}],"curies":[{"name":"wp","href":"https:\/\/api.w.org\/{rel}","templated":true}]}}