{"id":99118,"date":"2024-09-26T13:00:00","date_gmt":"2024-09-26T11:00:00","guid":{"rendered":"https:\/\/www.manquepierda.com\/historiarealbetis\/?p=99118"},"modified":"2025-07-20T14:53:47","modified_gmt":"2025-07-20T12:53:47","slug":"hoy-hace-95-anos-fichaje-de-pedro-regueiro","status":"publish","type":"post","link":"https:\/\/www.manquepierda.com\/historiarealbetis\/hoy-hace-95-anos-fichaje-de-pedro-regueiro\/","title":{"rendered":"Hoy hace 95 a\u00f1os. Fichaje de Pedro Regueiro."},"content":{"rendered":"<div class=\"wp-block-image\">\n<figure class=\"aligncenter size-large\"><img data-recalc-dims=\"1\" loading=\"lazy\" decoding=\"async\" width=\"439\" height=\"700\" src=\"https:\/\/i0.wp.com\/www.manquepierda.com\/historiarealbetis\/files\/2024\/09\/26-1929-Fichaje-de-Pedro-Regueiro.jpg?resize=439%2C700&#038;ssl=1\" alt=\"\" class=\"wp-image-99119\" srcset=\"https:\/\/i0.wp.com\/www.manquepierda.com\/historiarealbetis\/files\/2024\/09\/26-1929-Fichaje-de-Pedro-Regueiro.jpg?resize=439%2C700&amp;ssl=1 439w, https:\/\/i0.wp.com\/www.manquepierda.com\/historiarealbetis\/files\/2024\/09\/26-1929-Fichaje-de-Pedro-Regueiro.jpg?resize=376%2C600&amp;ssl=1 376w, https:\/\/i0.wp.com\/www.manquepierda.com\/historiarealbetis\/files\/2024\/09\/26-1929-Fichaje-de-Pedro-Regueiro.jpg?resize=138%2C220&amp;ssl=1 138w, https:\/\/i0.wp.com\/www.manquepierda.com\/historiarealbetis\/files\/2024\/09\/26-1929-Fichaje-de-Pedro-Regueiro.jpg?w=524&amp;ssl=1 524w\" sizes=\"auto, (max-width: 439px) 100vw, 439px\" \/><\/figure>\n<\/div>\n\n<p>\u00a0<\/p>\n<p><span style=\"color: #008000\">El 26 de septiembre de 1929 se produce el fichaje de Pedro Regueiro Pagola como nuevo jugador del Real Betis Balompi\u00e9, quien llega desde el Real Uni\u00f3n de Ir\u00fan.<\/span><\/p>\n<p><span style=\"color: #008000\">Un centrocampista de 19 a\u00f1os y de gran calidad que disput\u00f3 21 partidos oficiales en su \u00fanica temporada en verdiblanco.<\/span><\/p>","protected":false},"excerpt":{"rendered":"<p>\u00a0 El 26 de septiembre de 1929 se produce el fichaje de Pedro Regueiro Pagola como nuevo jugador del Real Betis Balompi\u00e9, quien llega desde el Real Uni\u00f3n de Ir\u00fan. Un centrocampista de 19 a\u00f1os y de gran calidad que disput\u00f3 21 partidos oficiales en su \u00fanica temporada en verdiblanco.<\/p>\n","protected":false},"author":5,"featured_media":99119,"comment_status":"open","ping_status":"open","sticky":false,"template":"","format":"standard","meta":{"_kad_post_transparent":"","_kad_post_title":"","_kad_post_layout":"","_kad_post_sidebar_id":"","_kad_post_content_style":"","_kad_post_vertical_padding":"","_kad_post_feature":"","_kad_post_feature_position":"","_kad_post_header":false,"_kad_post_footer":false,"_kad_post_classname":"","_jetpack_memberships_contains_paid_content":false,"footnotes":"","jetpack_publicize_message":"","jetpack_publicize_feature_enabled":true,"jetpack_social_post_already_shared":true,"jetpack_social_options":{"image_generator_settings":{"template":"highway","default_image_id":0,"font":"","enabled":false},"version":2}},"categories":[898,14583,1],"tags":[1576,3509,17136],"class_list":["post-99118","post","type-post","status-publish","format-standard","has-post-thumbnail","hentry","category-1920-1929","category-efemerides","category-portada","tag-1576","tag-pedro-regueiro","tag-real-union"],"jetpack_publicize_connections":[],"jetpack_featured_media_url":"https:\/\/i0.wp.com\/www.manquepierda.com\/historiarealbetis\/files\/2024\/09\/26-1929-Fichaje-de-Pedro-Regueiro.jpg?fit=524%2C836&ssl=1","jetpack_sharing_enabled":true,"jetpack_shortlink":"https:\/\/wp.me\/p1ij08-pMG","jetpack-related-posts":[],"_links":{"self":[{"href":"https:\/\/www.manquepierda.com\/historiarealbetis\/wp-json\/wp\/v2\/posts\/99118","targetHints":{"allow":["GET"]}}],"collection":[{"href":"https:\/\/www.manquepierda.com\/historiarealbetis\/wp-json\/wp\/v2\/posts"}],"about":[{"href":"https:\/\/www.manquepierda.com\/historiarealbetis\/wp-json\/wp\/v2\/types\/post"}],"author":[{"embeddable":true,"href":"https:\/\/www.manquepierda.com\/historiarealbetis\/wp-json\/wp\/v2\/users\/5"}],"replies":[{"embeddable":true,"href":"https:\/\/www.manquepierda.com\/historiarealbetis\/wp-json\/wp\/v2\/comments?post=99118"}],"version-history":[{"count":1,"href":"https:\/\/www.manquepierda.com\/historiarealbetis\/wp-json\/wp\/v2\/posts\/99118\/revisions"}],"predecessor-version":[{"id":99120,"href":"https:\/\/www.manquepierda.com\/historiarealbetis\/wp-json\/wp\/v2\/posts\/99118\/revisions\/99120"}],"wp:featuredmedia":[{"embeddable":true,"href":"https:\/\/www.manquepierda.com\/historiarealbetis\/wp-json\/wp\/v2\/media\/99119"}],"wp:attachment":[{"href":"https:\/\/www.manquepierda.com\/historiarealbetis\/wp-json\/wp\/v2\/media?parent=99118"}],"wp:term":[{"taxonomy":"category","embeddable":true,"href":"https:\/\/www.manquepierda.com\/historiarealbetis\/wp-json\/wp\/v2\/categories?post=99118"},{"taxonomy":"post_tag","embeddable":true,"href":"https:\/\/www.manquepierda.com\/historiarealbetis\/wp-json\/wp\/v2\/tags?post=99118"}],"curies":[{"name":"wp","href":"https:\/\/api.w.org\/{rel}","templated":true}]}}