{"id":99260,"date":"2024-09-29T13:00:00","date_gmt":"2024-09-29T11:00:00","guid":{"rendered":"https:\/\/www.manquepierda.com\/historiarealbetis\/?p=99260"},"modified":"2024-09-14T17:47:33","modified_gmt":"2024-09-14T15:47:33","slug":"hoy-hace-50-anos-celta-1-betis-1","status":"publish","type":"post","link":"https:\/\/www.manquepierda.com\/historiarealbetis\/hoy-hace-50-anos-celta-1-betis-1\/","title":{"rendered":"Hoy hace 50 a\u00f1os. Celta 1 Betis 1"},"content":{"rendered":"<div class=\"wp-block-image\">\n<figure class=\"aligncenter size-full\"><img data-recalc-dims=\"1\" loading=\"lazy\" decoding=\"async\" width=\"706\" height=\"475\" src=\"https:\/\/i0.wp.com\/www.manquepierda.com\/historiarealbetis\/files\/2024\/09\/29-1974-Celta-1-Betis-1-Liga-1.jpg?resize=706%2C475&#038;ssl=1\" alt=\"\" class=\"wp-image-99261\" srcset=\"https:\/\/i0.wp.com\/www.manquepierda.com\/historiarealbetis\/files\/2024\/09\/29-1974-Celta-1-Betis-1-Liga-1.jpg?w=706&amp;ssl=1 706w, https:\/\/i0.wp.com\/www.manquepierda.com\/historiarealbetis\/files\/2024\/09\/29-1974-Celta-1-Betis-1-Liga-1.jpg?resize=680%2C458&amp;ssl=1 680w, https:\/\/i0.wp.com\/www.manquepierda.com\/historiarealbetis\/files\/2024\/09\/29-1974-Celta-1-Betis-1-Liga-1.jpg?resize=220%2C148&amp;ssl=1 220w\" sizes=\"auto, (max-width: 706px) 100vw, 706px\" \/><\/figure>\n<\/div>\n\n<p>\u00a0<\/p>\n<p><span style=\"color: #008000\">El 29 de septiembre de 1974 en Bala\u00eddos Celta y Betis empatan a 1 en partido de la jornada 3 del Campeonato de Liga de Primera Divisi\u00f3n.<\/span><\/p>\n<p><span style=\"color: #008000\">Castro de penalti, por manos de Bizcocho, marc\u00f3 para el Celta en el minuto 30, empatando L\u00f3pez para el Betis en el 53 en un contragolpe b\u00e9tico conducido por Carde\u00f1osa.<\/span><\/p>\n<p><span style=\"color: #008000\">Anzarda tuvo la oportunidad de dar la victoria al Betis con un lanzamiento de penalti que fue detenido por el meta local.<\/span><\/p>\n<p><span style=\"color: #008000\">El Celta, entrenado por Mariano Moreno, form\u00f3 con Rodri; Hidalgo (46, Aparicio), Manolo, Castro, Navarro; Juan, Navas, F\u00e9lix; Jim\u00e9nez (81, Rodilla), Doblas y B\u00faa.<\/span><\/p>\n<p><span style=\"color: #008000\">El Betis, dirigido por Ferenc Susza, aline\u00f3 a Esnaola; Bizcocho, Sabat\u00e9, Iglesias, Cobo; L\u00f3pez, Alabanda, Carde\u00f1osa (79, Biosca); Ben\u00edtez, Mendieta y Anzarda (46, Rogelio).<\/span><\/p>","protected":false},"excerpt":{"rendered":"<p>\u00a0 El 29 de septiembre de 1974 en Bala\u00eddos Celta y Betis empatan a 1 en partido de la jornada 3 del Campeonato de Liga de Primera Divisi\u00f3n. Castro de penalti, por manos de Bizcocho, marc\u00f3 para el Celta en el minuto 30, empatando L\u00f3pez para el Betis en el 53 en un contragolpe b\u00e9tico&#8230;<\/p>\n","protected":false},"author":5,"featured_media":99261,"comment_status":"open","ping_status":"open","sticky":false,"template":"","format":"standard","meta":{"_kad_post_transparent":"","_kad_post_title":"","_kad_post_layout":"","_kad_post_sidebar_id":"","_kad_post_content_style":"","_kad_post_vertical_padding":"","_kad_post_feature":"","_kad_post_feature_position":"","_kad_post_header":false,"_kad_post_footer":false,"_kad_post_classname":"","_jetpack_memberships_contains_paid_content":false,"footnotes":"","jetpack_publicize_message":"","jetpack_publicize_feature_enabled":true,"jetpack_social_post_already_shared":true,"jetpack_social_options":{"image_generator_settings":{"template":"highway","default_image_id":0,"font":"","enabled":false},"version":2}},"categories":[903,14583,1],"tags":[57,2507,17877,13018],"class_list":["post-99260","post","type-post","status-publish","format-standard","has-post-thumbnail","hentry","category-1970-1979","category-efemerides","category-portada","tag-57","tag-1974-75","tag-liga-primera-1974-75","tag-real-club-celta-de-vigo"],"jetpack_publicize_connections":[],"jetpack_featured_media_url":"https:\/\/i0.wp.com\/www.manquepierda.com\/historiarealbetis\/files\/2024\/09\/29-1974-Celta-1-Betis-1-Liga-1.jpg?fit=706%2C475&ssl=1","jetpack_sharing_enabled":true,"jetpack_shortlink":"https:\/\/wp.me\/p1ij08-pOY","jetpack-related-posts":[],"_links":{"self":[{"href":"https:\/\/www.manquepierda.com\/historiarealbetis\/wp-json\/wp\/v2\/posts\/99260","targetHints":{"allow":["GET"]}}],"collection":[{"href":"https:\/\/www.manquepierda.com\/historiarealbetis\/wp-json\/wp\/v2\/posts"}],"about":[{"href":"https:\/\/www.manquepierda.com\/historiarealbetis\/wp-json\/wp\/v2\/types\/post"}],"author":[{"embeddable":true,"href":"https:\/\/www.manquepierda.com\/historiarealbetis\/wp-json\/wp\/v2\/users\/5"}],"replies":[{"embeddable":true,"href":"https:\/\/www.manquepierda.com\/historiarealbetis\/wp-json\/wp\/v2\/comments?post=99260"}],"version-history":[{"count":1,"href":"https:\/\/www.manquepierda.com\/historiarealbetis\/wp-json\/wp\/v2\/posts\/99260\/revisions"}],"predecessor-version":[{"id":99262,"href":"https:\/\/www.manquepierda.com\/historiarealbetis\/wp-json\/wp\/v2\/posts\/99260\/revisions\/99262"}],"wp:featuredmedia":[{"embeddable":true,"href":"https:\/\/www.manquepierda.com\/historiarealbetis\/wp-json\/wp\/v2\/media\/99261"}],"wp:attachment":[{"href":"https:\/\/www.manquepierda.com\/historiarealbetis\/wp-json\/wp\/v2\/media?parent=99260"}],"wp:term":[{"taxonomy":"category","embeddable":true,"href":"https:\/\/www.manquepierda.com\/historiarealbetis\/wp-json\/wp\/v2\/categories?post=99260"},{"taxonomy":"post_tag","embeddable":true,"href":"https:\/\/www.manquepierda.com\/historiarealbetis\/wp-json\/wp\/v2\/tags?post=99260"}],"curies":[{"name":"wp","href":"https:\/\/api.w.org\/{rel}","templated":true}]}}