{"id":99312,"date":"2024-09-26T11:00:00","date_gmt":"2024-09-26T09:00:00","guid":{"rendered":"https:\/\/www.manquepierda.com\/historiarealbetis\/?p=99312"},"modified":"2024-11-29T07:57:27","modified_gmt":"2024-11-29T06:57:27","slug":"visitamos-a-la-ud-las-palmas-5","status":"publish","type":"post","link":"https:\/\/www.manquepierda.com\/historiarealbetis\/visitamos-a-la-ud-las-palmas-5\/","title":{"rendered":"Visitamos a la UD Las Palmas"},"content":{"rendered":"<div class=\"wp-block-image\">\n<figure class=\"aligncenter size-full\"><img data-recalc-dims=\"1\" loading=\"lazy\" decoding=\"async\" width=\"605\" height=\"370\" src=\"https:\/\/i0.wp.com\/www.manquepierda.com\/historiarealbetis\/files\/2024\/09\/Gran-Canaria.jpg?resize=605%2C370&#038;ssl=1\" alt=\"\" class=\"wp-image-99313\" srcset=\"https:\/\/i0.wp.com\/www.manquepierda.com\/historiarealbetis\/files\/2024\/09\/Gran-Canaria.jpg?w=605&amp;ssl=1 605w, https:\/\/i0.wp.com\/www.manquepierda.com\/historiarealbetis\/files\/2024\/09\/Gran-Canaria.jpg?resize=220%2C135&amp;ssl=1 220w\" sizes=\"auto, (max-width: 605px) 100vw, 605px\" \/><\/figure>\n<\/div>\n\n<p>Hoy a las 19 horas visitaremos en el Estadio de Gran Canaria a la UD Las Palmas, un club hist\u00f3rico a pesar de que su fundaci\u00f3n es tard\u00eda: 1949, cuando un grupo de 5 equipos canarios (Marino, Victoria, Gran Canaria, Atl\u00e9tico y Arenas) se unieron para crear un club que representase a toda la isla. Ha disputado 36 temporadas en Primera, 33 en Segunda y 6 en Segunda B, y ha sido subcampe\u00f3n de Liga en una ocasi\u00f3n y de Copa en otra. Su mejor \u00e9poca fue sin duda la de los a\u00f1os 60 y 70.<\/p>\n<p>La primera visita del Betis tuvo lugar el 8 de marzo de 1959 en partido de Liga de Primera Divisi\u00f3n en que se impuso por 2-0 el equipo local.<\/p>\n<p>Han sido un total de 31 los partidos disputados por el Betis en terreno canario, as\u00ed repartidos: 23 partidos en Primera Divisi\u00f3n (15 victorias de Las Palmas, 5 empates y 3 victorias del Betis), 5 partidos en Segunda Divisi\u00f3n (2 victorias locales, 2 empates y 1 victoria visitante) y 3 partidos de Copa (1 victoria local, 1 empate y 1 victoria visitante). De estos 30 encuentros 23 se jugaron en el Estadio Insular y 8 en el Estadio de Gran Canaria.<\/p>\n<p>Son 227 los jugadores b\u00e9ticos que han intervenido en estos 31 partidos, con Jos\u00e9 Ram\u00f3n Esnaola y Javier L\u00f3pez a la cabeza con 9 partidos, seguido de Antonio Biosca y Julio Carde\u00f1osa con 8.<\/p>\n<p>21 son los futbolistas b\u00e9ticos que han marcado en terreno canario. Fernando Ansola es el m\u00e1ximo goleador con 3 tantos, seguido de Jorge Molina, Enrique Mor\u00e1n, Joaqu\u00edn Parra y Rub\u00e9n Castro con 2.<\/p>\n<p>Y 20 son los entrenadores que han dirigido al Betis en Las Palmas. Ferenc Szusza, que lo hizo en 4 partidos, es el que m\u00e1s; a continuaci\u00f3n, Luis Carriega, Rafael Iriondo y Pepe Mel con 3.<\/p>\n<p>El t\u00e9cnico de la UD Las Palmas Luis Carri\u00f3n ser\u00e1 la primera vez que se enfrente al Betis.<\/p>\n<p>Entre los jugadores que han participados en los dos clubs podemos destacar a Alexis Trujillo, Angel L\u00f3pez, Nenad Bjelica, Aurelio Campa, Antonio Castellanos, Casto Espinosa, Juan Cedr\u00e9s, Alvaro Cejudo, Jaime P\u00e9rez, Jaime Quesada, Robert Jarni, Jes\u00e9 Rodr\u00edguez, Wilfried Kaptoum, Wojciech Kowalczyk, Lorenzo Mor\u00f3n \u201cLoren\u201d, Jer\u00f3nimo Figueroa \u201cMomo\u201d, Juan Jos\u00e9 Narv\u00e1ez, Tom\u00e1s Ol\u00edas, Manuel Oliveira, Jos\u00e9 Casas \u201cPep\u00edn\u201d, Robert Gonz\u00e1lez, Rub\u00e9n Castro, Sidnei Da Silva, Carmelo Trujillo, \u00a0Isidro Villota y Willian Jos\u00e9 Da Silva..<\/p>\n<p>Entre los entrenadores Marcel Domingo, Rosendo Hern\u00e1ndez, Pepe Alzate, Fernando V\u00e1zquez, Serge Kresic, Quique Seti\u00e9n y Pepe Mel.<\/p>","protected":false},"excerpt":{"rendered":"<p>Hoy a las 19 horas visitaremos en el Estadio de Gran Canaria a la UD Las Palmas, un club hist\u00f3rico a pesar de que su fundaci\u00f3n es tard\u00eda: 1949, cuando un grupo de 5 equipos canarios (Marino, Victoria, Gran Canaria, Atl\u00e9tico y Arenas) se unieron para crear un club que representase a toda la isla&#8230;.<\/p>\n","protected":false},"author":5,"featured_media":99313,"comment_status":"open","ping_status":"open","sticky":false,"template":"","format":"standard","meta":{"_kad_post_transparent":"","_kad_post_title":"","_kad_post_layout":"","_kad_post_sidebar_id":"","_kad_post_content_style":"","_kad_post_vertical_padding":"","_kad_post_feature":"","_kad_post_feature_position":"","_kad_post_header":false,"_kad_post_footer":false,"_kad_post_classname":"","_jetpack_memberships_contains_paid_content":false,"footnotes":"","jetpack_publicize_message":"","jetpack_publicize_feature_enabled":true,"jetpack_social_post_already_shared":true,"jetpack_social_options":{"image_generator_settings":{"template":"highway","default_image_id":0,"font":"","enabled":false},"version":2}},"categories":[895,1],"tags":[1328,11273,6854,1330,3747,1438,10995,1088,1337,6855,1332,1139,16927,1336,1331,17601,18345,6856,17754,1329,3118,655,15304,18324,1333,6857,748,1491,16854,1335,1327,18308,17710,1334],"class_list":["post-99312","post","type-post","status-publish","format-standard","has-post-thumbnail","hentry","category-los-rivales","category-portada","tag-alexis-trujillo","tag-alvaro-cejudo","tag-angel-lopez","tag-antonio-castellanos","tag-aurelio-campa","tag-carmelo-trujillo","tag-casto-espinosa","tag-fernando-vazquez","tag-isidro-villota","tag-jaime-perez","tag-jaime-quesada","tag-jeronimo-figueroa-momo","tag-jese-rodriguez","tag-jose-casas-pepin","tag-juan-cedres","tag-juan-jose-narvaez","tag-lorenzo-moron-loren-2","tag-manuel-oliveira","tag-marcel-domingo","tag-nenad-bjelica","tag-pepe-alzate","tag-pepe-mel","tag-quique-setien","tag-rober-gonzalez","tag-robert-jarni","tag-rosendo-hernandez","tag-ruben-castro","tag-serge-kresic","tag-sidnei-da-silva","tag-tomas-olias","tag-ud-las-palmas","tag-wilfrid-kaptoum","tag-willian-jose-da-silva","tag-wojciech-kowalczyk"],"jetpack_publicize_connections":[],"jetpack_featured_media_url":"https:\/\/i0.wp.com\/www.manquepierda.com\/historiarealbetis\/files\/2024\/09\/Gran-Canaria.jpg?fit=605%2C370&ssl=1","jetpack_sharing_enabled":true,"jetpack_shortlink":"https:\/\/wp.me\/p1ij08-pPO","jetpack-related-posts":[],"_links":{"self":[{"href":"https:\/\/www.manquepierda.com\/historiarealbetis\/wp-json\/wp\/v2\/posts\/99312","targetHints":{"allow":["GET"]}}],"collection":[{"href":"https:\/\/www.manquepierda.com\/historiarealbetis\/wp-json\/wp\/v2\/posts"}],"about":[{"href":"https:\/\/www.manquepierda.com\/historiarealbetis\/wp-json\/wp\/v2\/types\/post"}],"author":[{"embeddable":true,"href":"https:\/\/www.manquepierda.com\/historiarealbetis\/wp-json\/wp\/v2\/users\/5"}],"replies":[{"embeddable":true,"href":"https:\/\/www.manquepierda.com\/historiarealbetis\/wp-json\/wp\/v2\/comments?post=99312"}],"version-history":[{"count":2,"href":"https:\/\/www.manquepierda.com\/historiarealbetis\/wp-json\/wp\/v2\/posts\/99312\/revisions"}],"predecessor-version":[{"id":99322,"href":"https:\/\/www.manquepierda.com\/historiarealbetis\/wp-json\/wp\/v2\/posts\/99312\/revisions\/99322"}],"wp:featuredmedia":[{"embeddable":true,"href":"https:\/\/www.manquepierda.com\/historiarealbetis\/wp-json\/wp\/v2\/media\/99313"}],"wp:attachment":[{"href":"https:\/\/www.manquepierda.com\/historiarealbetis\/wp-json\/wp\/v2\/media?parent=99312"}],"wp:term":[{"taxonomy":"category","embeddable":true,"href":"https:\/\/www.manquepierda.com\/historiarealbetis\/wp-json\/wp\/v2\/categories?post=99312"},{"taxonomy":"post_tag","embeddable":true,"href":"https:\/\/www.manquepierda.com\/historiarealbetis\/wp-json\/wp\/v2\/tags?post=99312"}],"curies":[{"name":"wp","href":"https:\/\/api.w.org\/{rel}","templated":true}]}}